{"id":15304,"date":"2023-03-26T01:56:13","date_gmt":"2023-03-26T00:56:13","guid":{"rendered":"https:\/\/milagros.ch\/?p=15304"},"modified":"2023-04-12T18:16:49","modified_gmt":"2023-04-12T16:16:49","slug":"from-madness-to-memories","status":"publish","type":"post","link":"https:\/\/milagros.ch\/de\/from-madness-to-memories\/","title":{"rendered":"Zwischen Abenteuer und Frustration: Unser Segelt\u00f6rn von La Paz nach Mazatl\u00e1n"},"content":{"rendered":"<p class=\"has-text-align-center\"><em>Nach einem kurzen Aufenthalt in La Paz segeln wir gemeinsam mit Flo Richtung S\u00fcden. Wir freuen uns darauf, endlich neue Gew\u00e4sser zu erkunden. Es kommt aber alles anders als geplant und ein Malheur jagt das N\u00e4chste.<\/em><\/p>\n\n\n\n<figure class=\"wp-block-image size-full is-style-default\"><img loading=\"lazy\" decoding=\"async\" width=\"1024\" height=\"465\" src=\"https:\/\/milagros.ch\/wp-content\/uploads\/2023\/03\/madness-title.jpg\" alt=\"\" class=\"wp-image-15349\" srcset=\"https:\/\/milagros.ch\/wp-content\/uploads\/2023\/03\/madness-title.jpg 1024w, https:\/\/milagros.ch\/wp-content\/uploads\/2023\/03\/madness-title-300x136.jpg 300w, https:\/\/milagros.ch\/wp-content\/uploads\/2023\/03\/madness-title-768x349.jpg 768w, https:\/\/milagros.ch\/wp-content\/uploads\/2023\/03\/madness-title-18x8.jpg 18w\" sizes=\"(max-width: 1024px) 100vw, 1024px\" \/><\/figure>\n\n\n\n<p>Nach einer Nacht in der Pichilingue Bucht segelten wir die letzten 10 Seemeilen nach La Paz hinein. Die Ankerbucht im Kanal war ziemlich voll mit Schiffen und es, war nicht einfach, einen geeigneten Platz zu finden. Ausserdem war gerade Neumond und Ebbe \u2013 das bedeutet sehr niedriges Niederigwasser -, deshalb wollten wir nicht die Sandbank zu unserem \u2018angestammten\u2019 Ankerort \u00fcberqueren. Es h\u00e4tte mit der Tiefe wohl gereicht, doch wir hatten keine Lust auch nur das kleinste Risiko einzugehen. <\/p>\n\n\n\n<figure class=\"wp-block-gallery has-nested-images columns-default is-cropped wp-block-gallery-1 is-layout-flex wp-block-gallery-is-layout-flex\">\n<figure class=\"wp-block-image size-large is-style-default\"><img loading=\"lazy\" decoding=\"async\" width=\"1024\" height=\"768\" data-id=\"15314\" src=\"https:\/\/milagros.ch\/wp-content\/uploads\/2023\/03\/channel-of-la-paz.jpg\" alt=\"\" class=\"wp-image-15314\" srcset=\"https:\/\/milagros.ch\/wp-content\/uploads\/2023\/03\/channel-of-la-paz.jpg 1024w, https:\/\/milagros.ch\/wp-content\/uploads\/2023\/03\/channel-of-la-paz-300x225.jpg 300w, https:\/\/milagros.ch\/wp-content\/uploads\/2023\/03\/channel-of-la-paz-768x576.jpg 768w, https:\/\/milagros.ch\/wp-content\/uploads\/2023\/03\/channel-of-la-paz-16x12.jpg 16w\" sizes=\"(max-width: 1024px) 100vw, 1024px\" \/><\/figure>\n\n\n\n<figure class=\"wp-block-image size-large is-style-default\"><img loading=\"lazy\" decoding=\"async\" width=\"768\" height=\"1024\" data-id=\"15343\" src=\"https:\/\/milagros.ch\/wp-content\/uploads\/2023\/03\/sailing-the-channel-of-la-paz.jpg\" alt=\"\" class=\"wp-image-15343\" srcset=\"https:\/\/milagros.ch\/wp-content\/uploads\/2023\/03\/sailing-the-channel-of-la-paz.jpg 768w, https:\/\/milagros.ch\/wp-content\/uploads\/2023\/03\/sailing-the-channel-of-la-paz-225x300.jpg 225w, https:\/\/milagros.ch\/wp-content\/uploads\/2023\/03\/sailing-the-channel-of-la-paz-9x12.jpg 9w\" sizes=\"(max-width: 768px) 100vw, 768px\" \/><\/figure>\n<figcaption class=\"blocks-gallery-caption\">Im Kanal vor La Paz<\/figcaption><\/figure>\n\n\n\n<p>Als wir endlich einen Ankerplatz gefunden hatten, stellten wir fest, dass wir mitten Kanal geankert hatten. Wir waren zwar in bester Gesellschaft, doch dort wollten wir nicht bleiben. Es war aber bereits Abend, deshalb ankerten wir am n\u00e4chsten Morgen bei Flut um.<\/p>\n\n\n\n<figure class=\"wp-block-image size-full is-style-default\"><img loading=\"lazy\" decoding=\"async\" width=\"1024\" height=\"576\" src=\"https:\/\/milagros.ch\/wp-content\/uploads\/2023\/03\/la-paz-in-the-middle-of-the-channel.jpg\" alt=\"\" class=\"wp-image-15324\" srcset=\"https:\/\/milagros.ch\/wp-content\/uploads\/2023\/03\/la-paz-in-the-middle-of-the-channel.jpg 1024w, https:\/\/milagros.ch\/wp-content\/uploads\/2023\/03\/la-paz-in-the-middle-of-the-channel-300x169.jpg 300w, https:\/\/milagros.ch\/wp-content\/uploads\/2023\/03\/la-paz-in-the-middle-of-the-channel-768x432.jpg 768w, https:\/\/milagros.ch\/wp-content\/uploads\/2023\/03\/la-paz-in-the-middle-of-the-channel-18x10.jpg 18w\" sizes=\"(max-width: 1024px) 100vw, 1024px\" \/><figcaption>Wir hatten mitten im Kanal geankert<\/figcaption><\/figure>\n\n\n\n<h2 class=\"wp-block-heading\" id=\"h-noisy-affair\">L\u00e4rmige Sache<\/h2>\n\n\n\n<p>Vom Ufer her vernahmen wir schon am ersten Abend viel laute Musik und fanden dann schnell heraus, dass gerade Carneval war. Das wollten wir uns nat\u00fcrlich nicht entgehen lassen und mischten uns unters Volk. Am sp\u00e4ten Nachmittag startete der Umzug, der in vielerlei Hinsicht der Fasnacht \u00e4hnelte, wie wir sie kennen, aber dennoch ganz anders war. Regionale Organisationen und Vereine hatten mit viel Liebe zum Detail Wagen dekoriert, auf denen entweder viele kost\u00fcmierte Menschen tanzten oder ein bis zwei junge Frauen in pr\u00e4chtigen Kleidern und Kronen pr\u00e4sentiert wurden. <\/p>\n\n\n\n<figure class=\"wp-block-gallery has-nested-images columns-2 is-cropped wp-block-gallery-2 is-layout-flex wp-block-gallery-is-layout-flex\">\n<figure class=\"wp-block-image size-large is-style-default\"><img loading=\"lazy\" decoding=\"async\" width=\"1024\" height=\"768\" data-id=\"15309\" src=\"https:\/\/milagros.ch\/wp-content\/uploads\/2023\/03\/carneval-big-truck.jpg\" alt=\"\" class=\"wp-image-15309\" srcset=\"https:\/\/milagros.ch\/wp-content\/uploads\/2023\/03\/carneval-big-truck.jpg 1024w, https:\/\/milagros.ch\/wp-content\/uploads\/2023\/03\/carneval-big-truck-300x225.jpg 300w, https:\/\/milagros.ch\/wp-content\/uploads\/2023\/03\/carneval-big-truck-768x576.jpg 768w, https:\/\/milagros.ch\/wp-content\/uploads\/2023\/03\/carneval-big-truck-16x12.jpg 16w\" sizes=\"(max-width: 1024px) 100vw, 1024px\" \/><\/figure>\n\n\n\n<figure class=\"wp-block-image size-large is-style-default\"><img loading=\"lazy\" decoding=\"async\" width=\"1024\" height=\"768\" data-id=\"15312\" src=\"https:\/\/milagros.ch\/wp-content\/uploads\/2023\/03\/carneval-trailer.jpg\" alt=\"\" class=\"wp-image-15312\" srcset=\"https:\/\/milagros.ch\/wp-content\/uploads\/2023\/03\/carneval-trailer.jpg 1024w, https:\/\/milagros.ch\/wp-content\/uploads\/2023\/03\/carneval-trailer-300x225.jpg 300w, https:\/\/milagros.ch\/wp-content\/uploads\/2023\/03\/carneval-trailer-768x576.jpg 768w, https:\/\/milagros.ch\/wp-content\/uploads\/2023\/03\/carneval-trailer-16x12.jpg 16w\" sizes=\"(max-width: 1024px) 100vw, 1024px\" \/><\/figure>\n\n\n\n<figure class=\"wp-block-image size-large is-style-default\"><img loading=\"lazy\" decoding=\"async\" width=\"1024\" height=\"768\" data-id=\"15313\" src=\"https:\/\/milagros.ch\/wp-content\/uploads\/2023\/03\/carneval-truck.jpg\" alt=\"\" class=\"wp-image-15313\" srcset=\"https:\/\/milagros.ch\/wp-content\/uploads\/2023\/03\/carneval-truck.jpg 1024w, https:\/\/milagros.ch\/wp-content\/uploads\/2023\/03\/carneval-truck-300x225.jpg 300w, https:\/\/milagros.ch\/wp-content\/uploads\/2023\/03\/carneval-truck-768x576.jpg 768w, https:\/\/milagros.ch\/wp-content\/uploads\/2023\/03\/carneval-truck-16x12.jpg 16w\" sizes=\"(max-width: 1024px) 100vw, 1024px\" \/><\/figure>\n\n\n\n<figure class=\"wp-block-image size-large is-style-default\"><img loading=\"lazy\" decoding=\"async\" width=\"1024\" height=\"768\" data-id=\"15311\" src=\"https:\/\/milagros.ch\/wp-content\/uploads\/2023\/03\/carneval-queens.jpg\" alt=\"\" class=\"wp-image-15311\" srcset=\"https:\/\/milagros.ch\/wp-content\/uploads\/2023\/03\/carneval-queens.jpg 1024w, https:\/\/milagros.ch\/wp-content\/uploads\/2023\/03\/carneval-queens-300x225.jpg 300w, https:\/\/milagros.ch\/wp-content\/uploads\/2023\/03\/carneval-queens-768x576.jpg 768w, https:\/\/milagros.ch\/wp-content\/uploads\/2023\/03\/carneval-queens-16x12.jpg 16w\" sizes=\"(max-width: 1024px) 100vw, 1024px\" \/><\/figure>\n<\/figure>\n\n\n\n<p>Die Wagen wurden meist von Pickups gezogen, auf denen riesige Boxen installiert waren, aus denen in ohrenbet\u00e4ubender Lautst\u00e4rke Musik rausdonnerte. Zwischen den Wagen gab es unterschiedlichste Tanzeinlagen. Wir standen direkt gegen\u00fcber einer B\u00fchne, auf der ein Moderator alle vorbeiziehenden Wagen kommentierte. Den Rand des Umzugs s\u00e4umten Vergn\u00fcgungsbuden und Essenst\u00e4nde wie an der Herbstmesse. Das Ambiente war besonders speziell als die Sonne \u00fcber den Segelschiffen unterging. Herbstmesse und Fasnacht am Meer quasi. Das gab schon ein bisschen Heimweh.<\/p>\n\n\n\n<figure class=\"wp-block-image size-full is-style-default\"><img loading=\"lazy\" decoding=\"async\" width=\"1024\" height=\"768\" src=\"https:\/\/milagros.ch\/wp-content\/uploads\/2023\/03\/carneval-la-paz.jpg\" alt=\"\" class=\"wp-image-15352\" srcset=\"https:\/\/milagros.ch\/wp-content\/uploads\/2023\/03\/carneval-la-paz.jpg 1024w, https:\/\/milagros.ch\/wp-content\/uploads\/2023\/03\/carneval-la-paz-300x225.jpg 300w, https:\/\/milagros.ch\/wp-content\/uploads\/2023\/03\/carneval-la-paz-768x576.jpg 768w, https:\/\/milagros.ch\/wp-content\/uploads\/2023\/03\/carneval-la-paz-16x12.jpg 16w\" sizes=\"(max-width: 1024px) 100vw, 1024px\" \/><figcaption>Sonnenuntergang \u00fcber der Ankerbucht in La Paz<\/figcaption><\/figure>\n\n\n\n<h2 class=\"wp-block-heading\" id=\"h-hello-civilization\">Hallo Zivilisation<\/h2>\n\n\n\n<p>Es war sch\u00f6n, nach mehreren Wochen fern aller Zivilisation und davor mehrere Monate im nicht so sch\u00f6nen Guaymas wieder in La Paz zu sein. Die Stadt hat kulinarisch und kulturell viel zu bieten, ausserdem genossen wir, dass alles zu Fuss erreichbar war. Und wir hatten noch einiges an Vorbereitungsarbeiten vor, bevor wir mit Flo nach Puerto Vallarta segeln wollten.<\/p>\n\n\n\n<h2 class=\"wp-block-heading\" id=\"h-money-money-money\">Teuer Geld<\/h2>\n\n\n\n<p>Wir liessen zum Beispiel die Hochdruckpumpe von unserem Wassermacher warten - zum Gl\u00fcck vom Profi -, denn ein Abstandshalter aus Chromstahl zwischen zwei Dichtungen liess sich partout nicht entfernen. Der Servicetechniker nahm die betroffene Einheit mit zu sich in die Werkstatt und schaffte es auch dort nicht, das Ding rauszuholen. Man bemerke: in der Anleitung steht einfach, dass man es entfernen soll. Der Techniker baute dann bei uns kurzerhand die Einheit eines anderen Modells ein. Ausserdem stellte er fest, dass die Wasseransaugpumpe defekt war. Wir hatten es aufgrund ihrer komischen Ger\u00e4usche bereits vermutet, hatten aber irgendwie noch auf ein Wunder oder eine einfache L\u00f6sung gehofft. Leider mussten wir aber tief in die Tasche greifen. Das kleine Teil kostet sage und schreibe 400 $!!! Aber ohne diese Pumpe kein selbstgemachtes Wasser. Also bissen wir in diesen besonders sauren Apfel.<\/p>\n\n\n\n<figure class=\"wp-block-gallery has-nested-images columns-default is-cropped wp-block-gallery-3 is-layout-flex wp-block-gallery-is-layout-flex\">\n<figure class=\"wp-block-image size-large is-style-default\"><img loading=\"lazy\" decoding=\"async\" width=\"768\" height=\"1024\" data-id=\"15347\" src=\"https:\/\/milagros.ch\/wp-content\/uploads\/2023\/03\/water-maker-service.jpg\" alt=\"\" class=\"wp-image-15347\" srcset=\"https:\/\/milagros.ch\/wp-content\/uploads\/2023\/03\/water-maker-service.jpg 768w, https:\/\/milagros.ch\/wp-content\/uploads\/2023\/03\/water-maker-service-225x300.jpg 225w, https:\/\/milagros.ch\/wp-content\/uploads\/2023\/03\/water-maker-service-9x12.jpg 9w\" sizes=\"(max-width: 768px) 100vw, 768px\" \/><\/figure>\n\n\n\n<figure class=\"wp-block-image size-large is-style-default\"><img loading=\"lazy\" decoding=\"async\" width=\"768\" height=\"1024\" data-id=\"15354\" src=\"https:\/\/milagros.ch\/wp-content\/uploads\/2023\/03\/oil-change.jpg\" alt=\"\" class=\"wp-image-15354\" srcset=\"https:\/\/milagros.ch\/wp-content\/uploads\/2023\/03\/oil-change.jpg 768w, https:\/\/milagros.ch\/wp-content\/uploads\/2023\/03\/oil-change-225x300.jpg 225w, https:\/\/milagros.ch\/wp-content\/uploads\/2023\/03\/oil-change-9x12.jpg 9w\" sizes=\"(max-width: 768px) 100vw, 768px\" \/><\/figure>\n<figcaption class=\"blocks-gallery-caption\">Service der Hochdruckpumpe von unserem Wassermacher<\/figcaption><\/figure>\n\n\n\n<h2 class=\"wp-block-heading\" id=\"h-burrito-is-happy\">Burrito ist zufrieden<\/h2>\n\n\n\n<p>Auch holten wir Lauro, den Dieselmechaniker aus Puerto Escondido an Bord. Einerseits um die Dichtung der Dieselansaugpumpe zu ersetzen, und um andererseits einen generellen Motorencheck vor der \u00dcberfahrt zu machen. Wir gingen alles gemeinsam durch und checkten auch noch die Ausrichtung des Motors. Sein Fazit war: alles gut mit Burrito! Genau das wollten wir h\u00f6ren. Wir nutzen unseren Aufenthalt in La Paz auch, um uns in den vielen Schiffszubeh\u00f6rl\u00e4den mit allerlei Goodies f\u00fcr Milagros (und uns) einzudecken - \u00d6l f\u00fcr den Motor, Opferanoden, ein neuer v\u00f6llig \u00fcberteuerter WC-Rand, usw.<\/p>\n\n\n\n<h2 class=\"wp-block-heading\" id=\"h-there-s-confusion\">Es herrscht Verwirrung<\/h2>\n\n\n\n<p>Am Tag von Flo\u2019s Ankunft fuhr David mit dem Taxi zum Flughafen, um ihn dort abzuholen, w\u00e4hrend ich auf dem Schiff blieb. Pl\u00f6tzlich h\u00f6rte ich im Funk Flo\u2019s Stimme, dass er am Dinghydock sei. Also fuhr ich an Land, um ihn abzuholen. Unterwegs rief mich David an, dass Flo noch nicht aufgetaucht war. Es stellte sich heraus, dass sich die beiden am Flughafen verpasst hatten. Ups. Das Wiedersehen feierten wir direkt mit Tacos und Margaritas, wie es sich geh\u00f6rt.<\/p>\n\n\n<div class=\"wp-block-image is-style-default\">\n<figure class=\"aligncenter size-full\"><img loading=\"lazy\" decoding=\"async\" width=\"768\" height=\"576\" src=\"https:\/\/milagros.ch\/wp-content\/uploads\/2023\/03\/provisioning-for-passage-edited.jpg\" alt=\"\" class=\"wp-image-15355\" srcset=\"https:\/\/milagros.ch\/wp-content\/uploads\/2023\/03\/provisioning-for-passage-edited.jpg 768w, https:\/\/milagros.ch\/wp-content\/uploads\/2023\/03\/provisioning-for-passage-edited-300x225.jpg 300w, https:\/\/milagros.ch\/wp-content\/uploads\/2023\/03\/provisioning-for-passage-edited-16x12.jpg 16w\" sizes=\"(max-width: 768px) 100vw, 768px\" \/><\/figure><\/div>\n\n\n<h2 class=\"wp-block-heading\" id=\"h-the-world-is-a-village\">Die Welt ist ein Dorf<\/h2>\n\n\n\n<p>Die Schweizer Segler Thomas und Anja von SV Robusta waren auch in der Stadt. So verabredeten wir uns ein paar Tage nach unserer Ankunft zum \u2018striele\u2019 \u2013 leider ohne Thomas, der wegen einer Zahnbehandlung ausfallen w\u00fcrde. Wir sahen aber Thomas schon etwas fr\u00fcher als geplant, denn auf dem Weg zum Zahnarzttermin fiel sein Dinghymotor aus und wir sprangen kurzerhand als Taxi ein. Als Dank brachte uns Anja einen selbstgemachten Zopf; so hilft man noch gerner \ud83d\ude09 Zum Bier sp\u00e4ter gesellte sich mit Alex auch ein weiterer Schweizer, der mit seiner SV No Stress seit 6 Jahren solo um die Welt segelt. Die Welt ist manchmal schon ein Dorf.<\/p>\n\n\n\n<h2 class=\"wp-block-heading\" id=\"h-swiss-meeting\">Schweizer Treff<\/h2>\n\n\n\n<p>Da ein gutes Wetterfenster f\u00fcr die \u00dcberfahrt bevorstand, bereiteten wir uns auf Hochtouren auf die bevorstehende \u00dcberfahrt vor: Rigging inspizieren, inneres Vorstag montieren (das lag n\u00e4mlich seit fast 2 Jahren in unserer Bilge), Provisionierung, Unterwasserschiff reinigen, Passagenplanung der 350 Seemeilen, und so weiter. Dabei kam aber das Vergn\u00fcgen nicht zu kurz. Wir genossen nicht nur den Vibe von La Paz, sondern auch das Seglerleben. Alex lud uns zum Feierabendbier auf seine No Stress, eine 54 Fuss Amel Super Maramu, ein. Das ist dasselbe Schiff , mit dem die ber\u00fchmten Youtuber von SV Delos seit 10 Jahren um die Welt segeln. Es war spannend, dieses Modell mal mit eigenen Augen zu sehen. Wir verbrachten einen lustigen Abend auf Schweizerdeutsch. 6 Schweizer Segler aufs Mal, das hat f\u00fcr uns Seltenheitswert. Fotos gab es leider keine.<\/p>\n\n\n\n<h2 class=\"wp-block-heading\" id=\"h-let-s-go-on-the-crossing\">Es geht los auf die \u00dcberfahrt<\/h2>\n\n\n\n<p>Dann war es so weit: Wir starteten unsere knapp 3-t\u00e4gige \u00dcberfahrt nach la Cruz, denn es tat sich ein nettes Norwindfenster mit 20-25 Knoten auf, das optimal f\u00fcr den geplanten Vorwindkurs war. Nach ein paar Stunden motoren gegen Norden und den Wind, um aus La Paz rauszukommen, konnten wir die Segel hissen und nach Osten abdrehen. So segelten wir auf einem durchaus sportlichen Halbwindkurs mit den Wellen von der Seite. Als es endlich Zeit war, auf den Kurs Richtung S\u00fcdosten und somit Richtung La Cruz zu drehen, merkten wir, dass Milagros das so nicht wollte.<\/p>\n\n\n\n<figure class=\"wp-block-image size-full is-style-default\"><img loading=\"lazy\" decoding=\"async\" width=\"1024\" height=\"640\" src=\"https:\/\/milagros.ch\/wp-content\/uploads\/2023\/03\/crossing-route.jpg\" alt=\"\" class=\"wp-image-15315\" srcset=\"https:\/\/milagros.ch\/wp-content\/uploads\/2023\/03\/crossing-route.jpg 1024w, https:\/\/milagros.ch\/wp-content\/uploads\/2023\/03\/crossing-route-300x188.jpg 300w, https:\/\/milagros.ch\/wp-content\/uploads\/2023\/03\/crossing-route-768x480.jpg 768w, https:\/\/milagros.ch\/wp-content\/uploads\/2023\/03\/crossing-route-18x12.jpg 18w\" sizes=\"(max-width: 1024px) 100vw, 1024px\" \/><figcaption>Unsere geplante Route f\u00fcr die \u00dcberfahrt zum mexikanischen Festland<\/figcaption><\/figure>\n\n\n\n<h2 class=\"wp-block-heading\" id=\"h-the-mood-is-decying\">Die Laune sinkt<\/h2>\n\n\n\n<p>Die See war richtig verwirrt und wir kriegten das Schiff einfach nicht stabil. Das bedeutete von Hand steuern. Und sobald es dunkel wurde, wurde Flo seekrank und war deshalb ausser Gefecht. Also steuerten David und ich von Hand \u2013 und das war richtig m\u00fchsam. Aber wir waren im Flow. Aber als wir pl\u00f6tzlich mitten in der Nacht angefunkt wurden mit den Worten: \u00abMilagros, Milagros, was habt ihr vor? Geht ihr vor mir oder hinter mir durch?\u00bb geriet alles ausser Balance. Wir suchten den Horizont ab und konnten nichts entdecken. Auch auf unserem Bildschirm mit den AIS-Informationen (Automatisches Informationssystem) konnten wir kein Schiff sehen. Wir fragten ihn dann, was f\u00fcr ein Schiff er war, und er antwortete: \u00abIch bin ein Containerschiff\u00bb. <\/p>\n\n\n\n<figure class=\"wp-block-image size-full is-style-default\"><img loading=\"lazy\" decoding=\"async\" width=\"1024\" height=\"465\" src=\"https:\/\/milagros.ch\/wp-content\/uploads\/2023\/03\/madness-title.jpg\" alt=\"\" class=\"wp-image-15349\" srcset=\"https:\/\/milagros.ch\/wp-content\/uploads\/2023\/03\/madness-title.jpg 1024w, https:\/\/milagros.ch\/wp-content\/uploads\/2023\/03\/madness-title-300x136.jpg 300w, https:\/\/milagros.ch\/wp-content\/uploads\/2023\/03\/madness-title-768x349.jpg 768w, https:\/\/milagros.ch\/wp-content\/uploads\/2023\/03\/madness-title-18x8.jpg 18w\" sizes=\"(max-width: 1024px) 100vw, 1024px\" \/><\/figure>\n\n\n\n<p>Dann fanden wir heraus, dass die AIS-Informationen verschwinden, wenn wir auf unserem Bildschirm zu weit herauszoomen. Nicht gut. \u00dcberhaupt nicht gut. Wir einigten uns mit dem Tanker darauf, dass wir beschleunigten und er hinter uns durchfahren w\u00fcrde. Uns verging danach die Lust auf die lange \u00dcberfahrt geh\u00f6rig. Die hohen Wellen, der starke Wind und der ungem\u00fctliche Kurs strapazierte unsere Nerven und wir wurden lethargisch. Als zum Beispiel eine Portion Nudeln mit Tomatensosse umkippte, liessen wir das Ganze einfach auf dem Boden liegen. Niemand mochte aufwischen.<\/p>\n\n\n\n<figure class=\"wp-block-gallery has-nested-images columns-default is-cropped wp-block-gallery-4 is-layout-flex wp-block-gallery-is-layout-flex\">\n<figure class=\"wp-block-image size-large is-style-default\"><img loading=\"lazy\" decoding=\"async\" width=\"768\" height=\"1024\" data-id=\"15339\" src=\"https:\/\/milagros.ch\/wp-content\/uploads\/2023\/03\/not-fun-passage.jpg\" alt=\"\" class=\"wp-image-15339\" srcset=\"https:\/\/milagros.ch\/wp-content\/uploads\/2023\/03\/not-fun-passage.jpg 768w, https:\/\/milagros.ch\/wp-content\/uploads\/2023\/03\/not-fun-passage-225x300.jpg 225w, https:\/\/milagros.ch\/wp-content\/uploads\/2023\/03\/not-fun-passage-9x12.jpg 9w\" sizes=\"(max-width: 768px) 100vw, 768px\" \/><figcaption>Es hat nicht so viel Spass gemacht...<\/figcaption><\/figure>\n\n\n\n<figure class=\"wp-block-image size-large is-style-default\"><img loading=\"lazy\" decoding=\"async\" width=\"768\" height=\"1024\" data-id=\"15340\" src=\"https:\/\/milagros.ch\/wp-content\/uploads\/2023\/03\/pasta-on-the-floor.jpg\" alt=\"\" class=\"wp-image-15340\" srcset=\"https:\/\/milagros.ch\/wp-content\/uploads\/2023\/03\/pasta-on-the-floor.jpg 768w, https:\/\/milagros.ch\/wp-content\/uploads\/2023\/03\/pasta-on-the-floor-225x300.jpg 225w, https:\/\/milagros.ch\/wp-content\/uploads\/2023\/03\/pasta-on-the-floor-9x12.jpg 9w\" sizes=\"(max-width: 768px) 100vw, 768px\" \/><figcaption>Essensreste im Cockpit<\/figcaption><\/figure>\n<\/figure>\n\n\n\n<figure class=\"wp-block-gallery has-nested-images columns-2 is-cropped wp-block-gallery-5 is-layout-flex wp-block-gallery-is-layout-flex\">\n<figure class=\"wp-block-image size-large is-style-default\"><img loading=\"lazy\" decoding=\"async\" width=\"768\" height=\"1024\" data-id=\"15318\" src=\"https:\/\/milagros.ch\/wp-content\/uploads\/2023\/03\/dave-and-flo-on-passage.jpg\" alt=\"\" class=\"wp-image-15318\" srcset=\"https:\/\/milagros.ch\/wp-content\/uploads\/2023\/03\/dave-and-flo-on-passage.jpg 768w, https:\/\/milagros.ch\/wp-content\/uploads\/2023\/03\/dave-and-flo-on-passage-225x300.jpg 225w, https:\/\/milagros.ch\/wp-content\/uploads\/2023\/03\/dave-and-flo-on-passage-9x12.jpg 9w\" sizes=\"(max-width: 768px) 100vw, 768px\" \/><\/figure>\n\n\n\n<figure class=\"wp-block-image size-large is-style-default\"><img loading=\"lazy\" decoding=\"async\" width=\"768\" height=\"1024\" data-id=\"15321\" src=\"https:\/\/milagros.ch\/wp-content\/uploads\/2023\/03\/david-on-the-crossing.jpg\" alt=\"\" class=\"wp-image-15321\" srcset=\"https:\/\/milagros.ch\/wp-content\/uploads\/2023\/03\/david-on-the-crossing.jpg 768w, https:\/\/milagros.ch\/wp-content\/uploads\/2023\/03\/david-on-the-crossing-225x300.jpg 225w, https:\/\/milagros.ch\/wp-content\/uploads\/2023\/03\/david-on-the-crossing-9x12.jpg 9w\" sizes=\"(max-width: 768px) 100vw, 768px\" \/><\/figure>\n\n\n\n<figure class=\"wp-block-image size-large is-style-default\"><img loading=\"lazy\" decoding=\"async\" width=\"1024\" height=\"768\" data-id=\"15308\" src=\"https:\/\/milagros.ch\/wp-content\/uploads\/2023\/03\/big-waves-on-passage.jpg\" alt=\"\" class=\"wp-image-15308\" srcset=\"https:\/\/milagros.ch\/wp-content\/uploads\/2023\/03\/big-waves-on-passage.jpg 1024w, https:\/\/milagros.ch\/wp-content\/uploads\/2023\/03\/big-waves-on-passage-300x225.jpg 300w, https:\/\/milagros.ch\/wp-content\/uploads\/2023\/03\/big-waves-on-passage-768x576.jpg 768w, https:\/\/milagros.ch\/wp-content\/uploads\/2023\/03\/big-waves-on-passage-16x12.jpg 16w\" sizes=\"(max-width: 1024px) 100vw, 1024px\" \/><\/figure>\n\n\n\n<figure class=\"wp-block-image size-large is-style-default\"><img loading=\"lazy\" decoding=\"async\" width=\"768\" height=\"1024\" data-id=\"15341\" src=\"https:\/\/milagros.ch\/wp-content\/uploads\/2023\/03\/pati-and-flo.jpg\" alt=\"\" class=\"wp-image-15341\" srcset=\"https:\/\/milagros.ch\/wp-content\/uploads\/2023\/03\/pati-and-flo.jpg 768w, https:\/\/milagros.ch\/wp-content\/uploads\/2023\/03\/pati-and-flo-225x300.jpg 225w, https:\/\/milagros.ch\/wp-content\/uploads\/2023\/03\/pati-and-flo-9x12.jpg 9w\" sizes=\"(max-width: 768px) 100vw, 768px\" \/><\/figure>\n<\/figure>\n\n\n\n<h2 class=\"wp-block-heading\" id=\"h-it-gets-worse\">Es wird noch schlimmer<\/h2>\n\n\n\n<p>Dann \u00e4nderten wir kurzerhand unser Ziel und steuerten Mazatl\u00e1n an. Dies verk\u00fcrzte die \u00dcberfahrt um etwa einen Tag. Irgendwann kamen wir auch wieder ein bisschen in den Flow. Milagros segelte zusammen mit der Windsteueranlage allein auf einem Vorwindkurs. Wir hatten 2-3 Meter hohe Wellen von hinten und surften diese mit bis zu 11 Knoten (das entspricht in etwa Lichtgeschwindigkeit). So machte das Segeln wieder Spass \u2013 bis ca. 4h vor Ankunft. Pl\u00f6tzlich \u00e4nderte n\u00e4mlich Milagros aus uns unbekannten Gr\u00fcnden mitten in der Nacht pl\u00f6tzlich die Richtung und fuhr eine Halse, also in diesem Fall eine Patenthalse, denn wir wollten ja nicht halsen (mit dem Heck durch den Wind segeln). Zum Gl\u00fcck hatten wir eine Bullentalje montiert, die den Baum daran hinderte, ungebremst von einer Seite auf die andere zu schlagen. Dann verloren wir wieder die Lust am Segeln. Was passiert ist? Wir wissen es immer noch nicht.<\/p>\n\n\n\n<figure class=\"wp-block-gallery has-nested-images columns-default is-cropped wp-block-gallery-6 is-layout-flex wp-block-gallery-is-layout-flex\">\n<figure class=\"wp-block-image size-large is-style-default\"><img loading=\"lazy\" decoding=\"async\" width=\"768\" height=\"1024\" data-id=\"15344\" src=\"https:\/\/milagros.ch\/wp-content\/uploads\/2023\/03\/sporty-downwind-sail.jpg\" alt=\"\" class=\"wp-image-15344\" srcset=\"https:\/\/milagros.ch\/wp-content\/uploads\/2023\/03\/sporty-downwind-sail.jpg 768w, https:\/\/milagros.ch\/wp-content\/uploads\/2023\/03\/sporty-downwind-sail-225x300.jpg 225w, https:\/\/milagros.ch\/wp-content\/uploads\/2023\/03\/sporty-downwind-sail-9x12.jpg 9w\" sizes=\"(max-width: 768px) 100vw, 768px\" \/><\/figure>\n\n\n\n<figure class=\"wp-block-image size-large is-style-default\"><img loading=\"lazy\" decoding=\"async\" width=\"768\" height=\"1024\" data-id=\"15348\" src=\"https:\/\/milagros.ch\/wp-content\/uploads\/2023\/03\/wet-deck-on-passage.jpg\" alt=\"\" class=\"wp-image-15348\" srcset=\"https:\/\/milagros.ch\/wp-content\/uploads\/2023\/03\/wet-deck-on-passage.jpg 768w, https:\/\/milagros.ch\/wp-content\/uploads\/2023\/03\/wet-deck-on-passage-225x300.jpg 225w, https:\/\/milagros.ch\/wp-content\/uploads\/2023\/03\/wet-deck-on-passage-9x12.jpg 9w\" sizes=\"(max-width: 768px) 100vw, 768px\" \/><\/figure>\n<figcaption class=\"blocks-gallery-caption\">Schnelles Segeln und nasses Deck<\/figcaption><\/figure>\n\n\n\n<figure class=\"wp-block-gallery has-nested-images columns-default is-cropped wp-block-gallery-7 is-layout-flex wp-block-gallery-is-layout-flex\">\n<figure class=\"wp-block-image size-large is-style-default\"><img loading=\"lazy\" decoding=\"async\" width=\"1024\" height=\"719\" data-id=\"15323\" src=\"https:\/\/milagros.ch\/wp-content\/uploads\/2023\/03\/flo-on-passage.jpg\" alt=\"\" class=\"wp-image-15323\" srcset=\"https:\/\/milagros.ch\/wp-content\/uploads\/2023\/03\/flo-on-passage.jpg 1024w, https:\/\/milagros.ch\/wp-content\/uploads\/2023\/03\/flo-on-passage-300x211.jpg 300w, https:\/\/milagros.ch\/wp-content\/uploads\/2023\/03\/flo-on-passage-768x539.jpg 768w, https:\/\/milagros.ch\/wp-content\/uploads\/2023\/03\/flo-on-passage-18x12.jpg 18w\" sizes=\"(max-width: 1024px) 100vw, 1024px\" \/><\/figure>\n<\/figure>\n\n\n\n<h2 class=\"wp-block-heading\" id=\"h-it-s-over\">Es ist vorbei<\/h2>\n\n\n\n<p>Das war noch nicht alles. Als wir dann den Motor starten wollten, blieb es beim Wollen. Er startete einfach nicht. Nach dem 2. Versuch ging ich unter Deck und probierte alles aus, was mit Dieselzufuhr zu tun hatte. Ich startete die elektrische Dieselpumpe, wechselte den Tank, stellte auf einen anderen Filter um und bet\u00e4tigte die den Hebel der Dieselansaugpumpe. In Kombination damit, dass David beim 3. Versuch etwas Gas gab, startete der Motor endlich. Diese Episode war ein weiterer D\u00e4mpfer auf der schon nicht vergn\u00fcgungssteuerpflichtigen \u00dcberfahrt. Zu guter Letzt mussten wir auch noch bei Nacht in Mazatl\u00e1n im Hafen ankern; unser erstes Ankerman\u00f6ver bei Nacht. Wir funkten kurz vor der Einfahrt um 2 Uhr morgens noch mit dem Hafenmeister. Er sagte nur \u00abseid vorsichtig\u00bb. Aber der Hafen war gut ausgeleuchtet und im Nu setzten wir den Anker. Wir liessen alles Stehen und Liegen und waren nur noch froh, nach 41 Stunden endlich angekommen zu sein.<\/p>\n\n\n\n<figure class=\"wp-block-image size-full is-style-default\"><img loading=\"lazy\" decoding=\"async\" width=\"1024\" height=\"640\" src=\"https:\/\/milagros.ch\/wp-content\/uploads\/2023\/03\/crossing-track.jpg\" alt=\"\" class=\"wp-image-15316\" srcset=\"https:\/\/milagros.ch\/wp-content\/uploads\/2023\/03\/crossing-track.jpg 1024w, https:\/\/milagros.ch\/wp-content\/uploads\/2023\/03\/crossing-track-300x188.jpg 300w, https:\/\/milagros.ch\/wp-content\/uploads\/2023\/03\/crossing-track-768x480.jpg 768w, https:\/\/milagros.ch\/wp-content\/uploads\/2023\/03\/crossing-track-18x12.jpg 18w\" sizes=\"(max-width: 1024px) 100vw, 1024px\" \/><figcaption>Unsere 250-Seemeilen-Reise von La Paz nach Mazatl\u00e1n<\/figcaption><\/figure>\n\n\n\n<h2 class=\"wp-block-heading\" id=\"h-misfortunes-seldom-come-alone\">Ein Ungl\u00fcck kommt selten allein<\/h2>\n\n\n\n<p>Am n\u00e4chsten Morgen wollten wir uns ein ausgedehntes Fr\u00fchst\u00fcck mit Pancakes und Fr\u00fcchten g\u00f6nnen. Doch dann passierte das Ungl\u00fcck: beim Mango schneiden blieb es nicht nur bei der Mango. Davids Hand war auch geschnitten. Sofort war klar, dass die Wunde gen\u00e4ht werden musste. Also machten Flo und ich das Dinghy parat, das noch ohne Luft auf Deck verstaut war. David und ich machten und danach auf den Weg an Land. Der W\u00e4chter der Anlegestelle empfahl uns das Cruz Roja \u2013 das rote Kreuz Spital \u2013 und ein Uber brachte uns innert 10 Minuten dorthin. Wir hatten uns auf eine lange Wartezeit eingestellt und Pancakes und Unterhaltungsmaterial eingepackt. Doch David kam sofort dran und sein Schnitt wurde mit 5 Stichen gen\u00e4ht. Kostenpunkt 180 Pesos - rund 9 Franken. Etwa eine Stunde sp\u00e4ter waren wir bereits wieder zur\u00fcck auf dem Schiff.<\/p>\n\n\n\n<figure class=\"wp-block-gallery has-nested-images columns-default is-cropped wp-block-gallery-8 is-layout-flex wp-block-gallery-is-layout-flex\">\n<figure class=\"wp-block-image size-large is-style-default\"><img loading=\"lazy\" decoding=\"async\" width=\"768\" height=\"1024\" data-id=\"15326\" src=\"https:\/\/milagros.ch\/wp-content\/uploads\/2023\/03\/mazatlan-cruz-roja.jpg\" alt=\"\" class=\"wp-image-15326\" srcset=\"https:\/\/milagros.ch\/wp-content\/uploads\/2023\/03\/mazatlan-cruz-roja.jpg 768w, https:\/\/milagros.ch\/wp-content\/uploads\/2023\/03\/mazatlan-cruz-roja-225x300.jpg 225w, https:\/\/milagros.ch\/wp-content\/uploads\/2023\/03\/mazatlan-cruz-roja-9x12.jpg 9w\" sizes=\"(max-width: 768px) 100vw, 768px\" \/><\/figure>\n\n\n\n<figure class=\"wp-block-image size-large is-style-default\"><img loading=\"lazy\" decoding=\"async\" width=\"768\" height=\"1024\" data-id=\"15322\" src=\"https:\/\/milagros.ch\/wp-content\/uploads\/2023\/03\/davids-cut.jpg\" alt=\"\" class=\"wp-image-15322\" srcset=\"https:\/\/milagros.ch\/wp-content\/uploads\/2023\/03\/davids-cut.jpg 768w, https:\/\/milagros.ch\/wp-content\/uploads\/2023\/03\/davids-cut-225x300.jpg 225w, https:\/\/milagros.ch\/wp-content\/uploads\/2023\/03\/davids-cut-9x12.jpg 9w\" sizes=\"(max-width: 768px) 100vw, 768px\" \/><\/figure>\n<\/figure>\n\n\n\n<h2 class=\"wp-block-heading\" id=\"h-we-need-to-relax\">Wir brauchen Entspannung<\/h2>\n\n\n\n<p>Da wir uns nach diesen Anstrengungen nach einer heissen Dusche sehnten, buchten wir kurzerhand das g\u00fcnstigste Zimmer, dass wir in Mazatl\u00e1n finden konnten. Zu Fuss spazierten wir durch die Altstadt zum Hotel, checkten ein, duschten, gingen wieder und g\u00f6nnten uns ein feines Abendessen. Die kommenden Tage entspannten wir uns von den Strapazen mit Spazierg\u00e4ngen durch Mazatl\u00e1n: Hoch zum Aussichtspunkt, in die Altstadt und durch die Gassen, entlang an imposanten Kreuzfahrtschiffen. Zwischendurch nutzen wir das reichhaltige kulinarische Angebot von Glac\u00e9 \u00fcber Street Tacos bis hin zu lokalem Bier. Uns gefiel es dort wirklich. Einzig die Partyboote, F\u00e4hren und Containerschiffe, die ununterbrochen am Schiff vorbeifuhren, st\u00f6rten die Idylle.<\/p>\n\n\n\n<figure class=\"wp-block-gallery has-nested-images columns-default is-cropped wp-block-gallery-9 is-layout-flex wp-block-gallery-is-layout-flex\">\n<figure class=\"wp-block-image size-large is-style-default\"><a href=\"http:\/\/www.faromazatlan.com\/\" target=\"_blank\" rel=\"noreferrer noopener\"><img loading=\"lazy\" decoding=\"async\" width=\"1024\" height=\"768\" data-id=\"15331\" src=\"https:\/\/milagros.ch\/wp-content\/uploads\/2023\/03\/mazatlan-from-above.jpg\" alt=\"\" class=\"wp-image-15331\" srcset=\"https:\/\/milagros.ch\/wp-content\/uploads\/2023\/03\/mazatlan-from-above.jpg 1024w, https:\/\/milagros.ch\/wp-content\/uploads\/2023\/03\/mazatlan-from-above-300x225.jpg 300w, https:\/\/milagros.ch\/wp-content\/uploads\/2023\/03\/mazatlan-from-above-768x576.jpg 768w, https:\/\/milagros.ch\/wp-content\/uploads\/2023\/03\/mazatlan-from-above-16x12.jpg 16w\" sizes=\"(max-width: 1024px) 100vw, 1024px\" \/><\/a><figcaption>Oben auf dem El Faro<\/figcaption><\/figure>\n\n\n\n<figure class=\"wp-block-image size-large is-style-default\"><img loading=\"lazy\" decoding=\"async\" width=\"1024\" height=\"768\" data-id=\"15317\" src=\"https:\/\/milagros.ch\/wp-content\/uploads\/2023\/03\/dave-and-flo.jpg\" alt=\"\" class=\"wp-image-15317\" srcset=\"https:\/\/milagros.ch\/wp-content\/uploads\/2023\/03\/dave-and-flo.jpg 1024w, https:\/\/milagros.ch\/wp-content\/uploads\/2023\/03\/dave-and-flo-300x225.jpg 300w, https:\/\/milagros.ch\/wp-content\/uploads\/2023\/03\/dave-and-flo-768x576.jpg 768w, https:\/\/milagros.ch\/wp-content\/uploads\/2023\/03\/dave-and-flo-16x12.jpg 16w\" sizes=\"(max-width: 1024px) 100vw, 1024px\" \/><\/figure>\n<\/figure>\n\n\n\n<figure class=\"wp-block-gallery has-nested-images columns-default is-cropped wp-block-gallery-10 is-layout-flex wp-block-gallery-is-layout-flex\">\n<figure class=\"wp-block-image size-large is-style-default\"><img loading=\"lazy\" decoding=\"async\" width=\"800\" height=\"600\" data-id=\"15320\" src=\"https:\/\/milagros.ch\/wp-content\/uploads\/2023\/03\/dave-playing-with-a-cat.jpg\" alt=\"\" class=\"wp-image-15320\" srcset=\"https:\/\/milagros.ch\/wp-content\/uploads\/2023\/03\/dave-playing-with-a-cat.jpg 800w, https:\/\/milagros.ch\/wp-content\/uploads\/2023\/03\/dave-playing-with-a-cat-300x225.jpg 300w, https:\/\/milagros.ch\/wp-content\/uploads\/2023\/03\/dave-playing-with-a-cat-768x576.jpg 768w, https:\/\/milagros.ch\/wp-content\/uploads\/2023\/03\/dave-playing-with-a-cat-16x12.jpg 16w\" sizes=\"(max-width: 800px) 100vw, 800px\" \/><\/figure>\n\n\n\n<figure class=\"wp-block-image size-large is-style-default\"><img loading=\"lazy\" decoding=\"async\" width=\"1024\" height=\"768\" data-id=\"15328\" src=\"https:\/\/milagros.ch\/wp-content\/uploads\/2023\/03\/Mazatlan-dinghy-dock.jpg\" alt=\"\" class=\"wp-image-15328\" srcset=\"https:\/\/milagros.ch\/wp-content\/uploads\/2023\/03\/Mazatlan-dinghy-dock.jpg 1024w, https:\/\/milagros.ch\/wp-content\/uploads\/2023\/03\/Mazatlan-dinghy-dock-300x225.jpg 300w, https:\/\/milagros.ch\/wp-content\/uploads\/2023\/03\/Mazatlan-dinghy-dock-768x576.jpg 768w, https:\/\/milagros.ch\/wp-content\/uploads\/2023\/03\/Mazatlan-dinghy-dock-16x12.jpg 16w\" sizes=\"(max-width: 1024px) 100vw, 1024px\" \/><figcaption>Das Dinghy Dock<\/figcaption><\/figure>\n\n\n\n<figure class=\"wp-block-image size-large is-style-default\"><img loading=\"lazy\" decoding=\"async\" width=\"1024\" height=\"768\" data-id=\"15353\" src=\"https:\/\/milagros.ch\/wp-content\/uploads\/2023\/03\/mazatlan-cargo.jpg\" alt=\"\" class=\"wp-image-15353\" srcset=\"https:\/\/milagros.ch\/wp-content\/uploads\/2023\/03\/mazatlan-cargo.jpg 1024w, https:\/\/milagros.ch\/wp-content\/uploads\/2023\/03\/mazatlan-cargo-300x225.jpg 300w, https:\/\/milagros.ch\/wp-content\/uploads\/2023\/03\/mazatlan-cargo-768x576.jpg 768w, https:\/\/milagros.ch\/wp-content\/uploads\/2023\/03\/mazatlan-cargo-16x12.jpg 16w\" sizes=\"(max-width: 1024px) 100vw, 1024px\" \/><figcaption>Die Einfahrt der F\u00e4hre nach Mazatl\u00e1n<\/figcaption><\/figure>\n<\/figure>\n\n\n\n<figure class=\"wp-block-gallery has-nested-images columns-2 is-cropped wp-block-gallery-11 is-layout-flex wp-block-gallery-is-layout-flex\">\n<figure class=\"wp-block-image size-large is-style-default\"><img loading=\"lazy\" decoding=\"async\" width=\"768\" height=\"1024\" data-id=\"15335\" src=\"https:\/\/milagros.ch\/wp-content\/uploads\/2023\/03\/mazatlan-street-art.jpg\" alt=\"\" class=\"wp-image-15335\" srcset=\"https:\/\/milagros.ch\/wp-content\/uploads\/2023\/03\/mazatlan-street-art.jpg 768w, https:\/\/milagros.ch\/wp-content\/uploads\/2023\/03\/mazatlan-street-art-225x300.jpg 225w, https:\/\/milagros.ch\/wp-content\/uploads\/2023\/03\/mazatlan-street-art-9x12.jpg 9w\" sizes=\"(max-width: 768px) 100vw, 768px\" \/><\/figure>\n\n\n\n<figure class=\"wp-block-image size-large is-style-default\"><img loading=\"lazy\" decoding=\"async\" width=\"768\" height=\"1024\" data-id=\"15332\" src=\"https:\/\/milagros.ch\/wp-content\/uploads\/2023\/03\/mazatlan-malecon.jpg\" alt=\"\" class=\"wp-image-15332\" srcset=\"https:\/\/milagros.ch\/wp-content\/uploads\/2023\/03\/mazatlan-malecon.jpg 768w, https:\/\/milagros.ch\/wp-content\/uploads\/2023\/03\/mazatlan-malecon-225x300.jpg 225w, https:\/\/milagros.ch\/wp-content\/uploads\/2023\/03\/mazatlan-malecon-9x12.jpg 9w\" sizes=\"(max-width: 768px) 100vw, 768px\" \/><\/figure>\n\n\n\n<figure class=\"wp-block-image size-large is-style-default\"><img loading=\"lazy\" decoding=\"async\" width=\"1024\" height=\"768\" data-id=\"15334\" src=\"https:\/\/milagros.ch\/wp-content\/uploads\/2023\/03\/mazatlan-poolside.jpg\" alt=\"\" class=\"wp-image-15334\" srcset=\"https:\/\/milagros.ch\/wp-content\/uploads\/2023\/03\/mazatlan-poolside.jpg 1024w, https:\/\/milagros.ch\/wp-content\/uploads\/2023\/03\/mazatlan-poolside-300x225.jpg 300w, https:\/\/milagros.ch\/wp-content\/uploads\/2023\/03\/mazatlan-poolside-768x576.jpg 768w, https:\/\/milagros.ch\/wp-content\/uploads\/2023\/03\/mazatlan-poolside-16x12.jpg 16w\" sizes=\"(max-width: 1024px) 100vw, 1024px\" \/><\/figure>\n\n\n\n<figure class=\"wp-block-image size-large is-style-default\"><img loading=\"lazy\" decoding=\"async\" width=\"1024\" height=\"768\" data-id=\"15333\" src=\"https:\/\/milagros.ch\/wp-content\/uploads\/2023\/03\/mazatlan-malecon-pati-and-flo.jpg\" alt=\"\" class=\"wp-image-15333\" srcset=\"https:\/\/milagros.ch\/wp-content\/uploads\/2023\/03\/mazatlan-malecon-pati-and-flo.jpg 1024w, https:\/\/milagros.ch\/wp-content\/uploads\/2023\/03\/mazatlan-malecon-pati-and-flo-300x225.jpg 300w, https:\/\/milagros.ch\/wp-content\/uploads\/2023\/03\/mazatlan-malecon-pati-and-flo-768x576.jpg 768w, https:\/\/milagros.ch\/wp-content\/uploads\/2023\/03\/mazatlan-malecon-pati-and-flo-16x12.jpg 16w\" sizes=\"(max-width: 1024px) 100vw, 1024px\" \/><\/figure>\n<\/figure>\n\n\n\n<figure class=\"wp-block-gallery has-nested-images columns-default is-cropped wp-block-gallery-12 is-layout-flex wp-block-gallery-is-layout-flex\">\n<figure class=\"wp-block-image size-large is-style-default\"><img loading=\"lazy\" decoding=\"async\" width=\"1024\" height=\"768\" data-id=\"15325\" src=\"https:\/\/milagros.ch\/wp-content\/uploads\/2023\/03\/mazatlan-craft-beer.jpg\" alt=\"\" class=\"wp-image-15325\" srcset=\"https:\/\/milagros.ch\/wp-content\/uploads\/2023\/03\/mazatlan-craft-beer.jpg 1024w, https:\/\/milagros.ch\/wp-content\/uploads\/2023\/03\/mazatlan-craft-beer-300x225.jpg 300w, https:\/\/milagros.ch\/wp-content\/uploads\/2023\/03\/mazatlan-craft-beer-768x576.jpg 768w, https:\/\/milagros.ch\/wp-content\/uploads\/2023\/03\/mazatlan-craft-beer-16x12.jpg 16w\" sizes=\"(max-width: 1024px) 100vw, 1024px\" \/><\/figure>\n\n\n\n<figure class=\"wp-block-image size-large is-style-default\"><img loading=\"lazy\" decoding=\"async\" width=\"1024\" height=\"768\" data-id=\"15307\" src=\"https:\/\/milagros.ch\/wp-content\/uploads\/2023\/03\/andy-and-craft-beer.jpg\" alt=\"\" class=\"wp-image-15307\" srcset=\"https:\/\/milagros.ch\/wp-content\/uploads\/2023\/03\/andy-and-craft-beer.jpg 1024w, https:\/\/milagros.ch\/wp-content\/uploads\/2023\/03\/andy-and-craft-beer-300x225.jpg 300w, https:\/\/milagros.ch\/wp-content\/uploads\/2023\/03\/andy-and-craft-beer-768x576.jpg 768w, https:\/\/milagros.ch\/wp-content\/uploads\/2023\/03\/andy-and-craft-beer-16x12.jpg 16w\" sizes=\"(max-width: 1024px) 100vw, 1024px\" \/><\/figure>\n<\/figure>\n\n\n\n<figure class=\"wp-block-gallery has-nested-images columns-default is-cropped wp-block-gallery-13 is-layout-flex wp-block-gallery-is-layout-flex\">\n<figure class=\"wp-block-image size-large is-style-default\"><img loading=\"lazy\" decoding=\"async\" width=\"1024\" height=\"768\" data-id=\"15337\" src=\"https:\/\/milagros.ch\/wp-content\/uploads\/2023\/03\/mazatlan-tacos.jpg\" alt=\"\" class=\"wp-image-15337\" srcset=\"https:\/\/milagros.ch\/wp-content\/uploads\/2023\/03\/mazatlan-tacos.jpg 1024w, https:\/\/milagros.ch\/wp-content\/uploads\/2023\/03\/mazatlan-tacos-300x225.jpg 300w, https:\/\/milagros.ch\/wp-content\/uploads\/2023\/03\/mazatlan-tacos-768x576.jpg 768w, https:\/\/milagros.ch\/wp-content\/uploads\/2023\/03\/mazatlan-tacos-16x12.jpg 16w\" sizes=\"(max-width: 1024px) 100vw, 1024px\" \/><\/figure>\n\n\n\n<figure class=\"wp-block-image size-large is-style-default\"><img loading=\"lazy\" decoding=\"async\" width=\"1024\" height=\"768\" data-id=\"15336\" src=\"https:\/\/milagros.ch\/wp-content\/uploads\/2023\/03\/mazatlan-sunset.jpg\" alt=\"\" class=\"wp-image-15336\" srcset=\"https:\/\/milagros.ch\/wp-content\/uploads\/2023\/03\/mazatlan-sunset.jpg 1024w, https:\/\/milagros.ch\/wp-content\/uploads\/2023\/03\/mazatlan-sunset-300x225.jpg 300w, https:\/\/milagros.ch\/wp-content\/uploads\/2023\/03\/mazatlan-sunset-768x576.jpg 768w, https:\/\/milagros.ch\/wp-content\/uploads\/2023\/03\/mazatlan-sunset-16x12.jpg 16w\" sizes=\"(max-width: 1024px) 100vw, 1024px\" \/><\/figure>\n\n\n\n<figure class=\"wp-block-image size-large is-style-default\"><img loading=\"lazy\" decoding=\"async\" width=\"1024\" height=\"768\" data-id=\"15330\" src=\"https:\/\/milagros.ch\/wp-content\/uploads\/2023\/03\/mazatlan-football.jpg\" alt=\"\" class=\"wp-image-15330\" srcset=\"https:\/\/milagros.ch\/wp-content\/uploads\/2023\/03\/mazatlan-football.jpg 1024w, https:\/\/milagros.ch\/wp-content\/uploads\/2023\/03\/mazatlan-football-300x225.jpg 300w, https:\/\/milagros.ch\/wp-content\/uploads\/2023\/03\/mazatlan-football-768x576.jpg 768w, https:\/\/milagros.ch\/wp-content\/uploads\/2023\/03\/mazatlan-football-16x12.jpg 16w\" sizes=\"(max-width: 1024px) 100vw, 1024px\" \/><\/figure>\n\n\n\n<figure class=\"wp-block-image size-large is-style-default\"><img loading=\"lazy\" decoding=\"async\" width=\"768\" height=\"1024\" data-id=\"15329\" src=\"https:\/\/milagros.ch\/wp-content\/uploads\/2023\/03\/mazatlan-footbal-dave-and-flo.jpg\" alt=\"\" class=\"wp-image-15329\" srcset=\"https:\/\/milagros.ch\/wp-content\/uploads\/2023\/03\/mazatlan-footbal-dave-and-flo.jpg 768w, https:\/\/milagros.ch\/wp-content\/uploads\/2023\/03\/mazatlan-footbal-dave-and-flo-225x300.jpg 225w, https:\/\/milagros.ch\/wp-content\/uploads\/2023\/03\/mazatlan-footbal-dave-and-flo-9x12.jpg 9w\" sizes=\"(max-width: 768px) 100vw, 768px\" \/><\/figure>\n\n\n\n<figure class=\"wp-block-image size-large is-style-default\"><img loading=\"lazy\" decoding=\"async\" width=\"768\" height=\"1024\" data-id=\"15338\" src=\"https:\/\/milagros.ch\/wp-content\/uploads\/2023\/03\/mazatlan-tres-islas-beer.jpg\" alt=\"\" class=\"wp-image-15338\" srcset=\"https:\/\/milagros.ch\/wp-content\/uploads\/2023\/03\/mazatlan-tres-islas-beer.jpg 768w, https:\/\/milagros.ch\/wp-content\/uploads\/2023\/03\/mazatlan-tres-islas-beer-225x300.jpg 225w, https:\/\/milagros.ch\/wp-content\/uploads\/2023\/03\/mazatlan-tres-islas-beer-9x12.jpg 9w\" sizes=\"(max-width: 768px) 100vw, 768px\" \/><\/figure>\n\n\n\n<figure class=\"wp-block-image size-large is-style-default\"><img loading=\"lazy\" decoding=\"async\" width=\"768\" height=\"1024\" data-id=\"15327\" src=\"https:\/\/milagros.ch\/wp-content\/uploads\/2023\/03\/mazatlan-dessert-car.jpg\" alt=\"\" class=\"wp-image-15327\" srcset=\"https:\/\/milagros.ch\/wp-content\/uploads\/2023\/03\/mazatlan-dessert-car.jpg 768w, https:\/\/milagros.ch\/wp-content\/uploads\/2023\/03\/mazatlan-dessert-car-225x300.jpg 225w, https:\/\/milagros.ch\/wp-content\/uploads\/2023\/03\/mazatlan-dessert-car-9x12.jpg 9w\" sizes=\"(max-width: 768px) 100vw, 768px\" \/><\/figure>\n<\/figure>\n\n\n\n<h2 class=\"wp-block-heading\" id=\"h-if-we-had-known\">Wenn wir w\u00fcssten<\/h2>\n\n\n\n<p>Nach 5 Tagen war es aber Zeit, weiterzusegeln, denn Flo musste bald im 200 Seemeilen (ca. 360 km) entfernten Puerto Vallarta aufs Flugi nach Hause in die Schweiz, und unsere n\u00e4chsten G\u00e4ste H\u00fcrzi und Chrigi wollten dort ebenso bald zusteigen. Wir planten unsere Weiterreise nach S\u00fcden so, dass wir bei der <a href=\"https:\/\/www.gob.mx\/semarnat\/articulos\/parque-nacional-isla-isabel\" target=\"_blank\" rel=\"noreferrer noopener\">Isal Isabel<\/a>, einer Vogelbrutst\u00e4tte 20 Seemeilen vor der K\u00fcste halt machen konnten. Denn nur bei wenig Wind war der Ankerplatz einigermassen akzeptabel. Doch am Abreisetag hatte Milagros andere Pl\u00e4ne mit uns. Wir entdeckten etwas, das unsere Weiterreise verhinderte und potenziell f\u00fcr l\u00e4ngere Zeit verz\u00f6gerte.<\/p>\n\n\n\n<p>Hat dir dieser Blogbeitrag gefallen? Wenn du magst kannst du uns ein Bier spendieren, in dem du unten auf den Button klickst, oder ein monatlicher Unterst\u00fctzer wirst auf&nbsp;<a href=\"https:\/\/www.patreon.com\/milagros_sailing\" target=\"_blank\" rel=\"noreferrer noopener\">Patreon<\/a>. Vielen Dank!<\/p>\n\n\n\n<div class=\"wp-block-buttons is-content-justification-center is-layout-flex wp-container-core-buttons-layout-1 wp-block-buttons-is-layout-flex\">\n<div class=\"wp-block-button\"><a class=\"wp-block-button__link\" href=\"https:\/\/milagros.ch\/de\/unterstuetzung\/\" target=\"_blank\" rel=\"noreferrer noopener\">Spendiere uns ein Bier \ud83c\udf7a\ud83e\udd70<\/a><\/div>\n<\/div>","protected":false},"excerpt":{"rendered":"<p>Nach einem kurzen Aufenthalt in La Paz segeln wir ans Mexikanische Festland. Wir freuen uns darauf, endlich neue Gew\u00e4sser zu erkunden. Es kommt aber alles anders als geplant und ein Malheur jagt das N\u00e4chste.<\/p>","protected":false},"author":3,"featured_media":15349,"comment_status":"open","ping_status":"open","sticky":false,"template":"","format":"standard","meta":{"_acf_changed":false,"_monsterinsights_skip_tracking":false,"_monsterinsights_sitenote_active":false,"_monsterinsights_sitenote_note":"","_monsterinsights_sitenote_category":0,"cybocfi_hide_featured_image":"yes","footnotes":""},"categories":[118,62,29,21,121],"tags":[15],"acf":[],"yoast_head":"<!-- This site is optimized with the Yoast SEO Premium plugin v22.0 (Yoast SEO v23.5) - https:\/\/yoast.com\/wordpress\/plugins\/seo\/ -->\n<title>From Madness to Memories &#8226; Milagros &#8226; Sailing Blog<\/title>\n<meta name=\"description\" content=\"After a brief stay in La Paz, we sail south to the Mexican mainland. We are excited to finally explore new waters. However, things don&#039;t go as planned and one mishap follows the next.\" \/>\n<meta name=\"robots\" content=\"index, follow, max-snippet:-1, max-image-preview:large, max-video-preview:-1\" \/>\n<link rel=\"canonical\" href=\"https:\/\/milagros.ch\/de\/zwischen-abenteuer-und-frustration\/\" \/>\n<meta property=\"og:locale\" content=\"de_DE\" \/>\n<meta property=\"og:type\" content=\"article\" \/>\n<meta property=\"og:title\" content=\"From Madness to Memories\" \/>\n<meta property=\"og:description\" content=\"After a brief stay in La Paz, we sail south to the Mexican mainland. We are excited to finally explore new waters. However, things don&#039;t go as planned and one mishap follows the next.\" \/>\n<meta property=\"og:url\" content=\"https:\/\/milagros.ch\/de\/zwischen-abenteuer-und-frustration\/\" \/>\n<meta property=\"og:site_name\" content=\"Milagros\" \/>\n<meta property=\"article:publisher\" content=\"https:\/\/www.facebook.com\/milagros.sailing\" \/>\n<meta property=\"article:published_time\" content=\"2023-03-26T00:56:13+00:00\" \/>\n<meta property=\"article:modified_time\" content=\"2023-04-12T16:16:49+00:00\" \/>\n<meta property=\"og:image\" content=\"https:\/\/milagros.ch\/wp-content\/uploads\/2023\/03\/madness-title.jpg\" \/>\n\t<meta property=\"og:image:width\" content=\"1024\" \/>\n\t<meta property=\"og:image:height\" content=\"465\" \/>\n\t<meta property=\"og:image:type\" content=\"image\/jpeg\" \/>\n<meta name=\"author\" content=\"Patricia\" \/>\n<meta name=\"twitter:card\" content=\"summary_large_image\" \/>\n<meta name=\"twitter:label1\" content=\"Geschrieben von\" \/>\n\t<meta name=\"twitter:data1\" content=\"Patricia\" \/>\n\t<meta name=\"twitter:label2\" content=\"Gesch\u00e4tzte Lesezeit\" \/>\n\t<meta name=\"twitter:data2\" content=\"21 Minuten\" \/>\n<script type=\"application\/ld+json\" class=\"yoast-schema-graph\">{\"@context\":\"https:\/\/schema.org\",\"@graph\":[{\"@type\":\"Article\",\"@id\":\"https:\/\/milagros.ch\/from-madness-to-memories\/#article\",\"isPartOf\":{\"@id\":\"https:\/\/milagros.ch\/from-madness-to-memories\/\"},\"author\":{\"name\":\"Patricia\",\"@id\":\"https:\/\/milagros.ch\/#\/schema\/person\/bf6747fcb66e878e86c2169f4bf869af\"},\"headline\":\"From Madness to Memories\",\"datePublished\":\"2023-03-26T00:56:13+00:00\",\"dateModified\":\"2023-04-12T16:16:49+00:00\",\"mainEntityOfPage\":{\"@id\":\"https:\/\/milagros.ch\/from-madness-to-memories\/\"},\"wordCount\":2146,\"commentCount\":0,\"publisher\":{\"@id\":\"https:\/\/milagros.ch\/#organization\"},\"image\":{\"@id\":\"https:\/\/milagros.ch\/from-madness-to-memories\/#primaryimage\"},\"thumbnailUrl\":\"https:\/\/milagros.ch\/wp-content\/uploads\/2023\/03\/madness-title.jpg\",\"keywords\":[\"Kelly Peterson 44\"],\"articleSection\":[\"Exploration\",\"La Paz\",\"Learning the Ropes\",\"Mexico\",\"Sailing\"],\"inLanguage\":\"de-CH\",\"potentialAction\":[{\"@type\":\"CommentAction\",\"name\":\"Comment\",\"target\":[\"https:\/\/milagros.ch\/from-madness-to-memories\/#respond\"]}]},{\"@type\":\"WebPage\",\"@id\":\"https:\/\/milagros.ch\/from-madness-to-memories\/\",\"url\":\"https:\/\/milagros.ch\/from-madness-to-memories\/\",\"name\":\"From Madness to Memories &#8226; Milagros &#8226; Sailing Blog\",\"isPartOf\":{\"@id\":\"https:\/\/milagros.ch\/#website\"},\"primaryImageOfPage\":{\"@id\":\"https:\/\/milagros.ch\/from-madness-to-memories\/#primaryimage\"},\"image\":{\"@id\":\"https:\/\/milagros.ch\/from-madness-to-memories\/#primaryimage\"},\"thumbnailUrl\":\"https:\/\/milagros.ch\/wp-content\/uploads\/2023\/03\/madness-title.jpg\",\"datePublished\":\"2023-03-26T00:56:13+00:00\",\"dateModified\":\"2023-04-12T16:16:49+00:00\",\"description\":\"After a brief stay in La Paz, we sail south to the Mexican mainland. We are excited to finally explore new waters. However, things don't go as planned and one mishap follows the next.\",\"breadcrumb\":{\"@id\":\"https:\/\/milagros.ch\/from-madness-to-memories\/#breadcrumb\"},\"inLanguage\":\"de-CH\",\"potentialAction\":[{\"@type\":\"ReadAction\",\"target\":[\"https:\/\/milagros.ch\/from-madness-to-memories\/\"]}]},{\"@type\":\"BreadcrumbList\",\"@id\":\"https:\/\/milagros.ch\/from-madness-to-memories\/#breadcrumb\",\"itemListElement\":[{\"@type\":\"ListItem\",\"position\":1,\"name\":\"Startseite\",\"item\":\"https:\/\/milagros.ch\/\"},{\"@type\":\"ListItem\",\"position\":2,\"name\":\"From Madness to Memories\"}]},{\"@type\":\"WebSite\",\"@id\":\"https:\/\/milagros.ch\/#website\",\"url\":\"https:\/\/milagros.ch\/\",\"name\":\"Milagros\",\"description\":\"Nice to meet you!\",\"publisher\":{\"@id\":\"https:\/\/milagros.ch\/#organization\"},\"potentialAction\":[{\"@type\":\"SearchAction\",\"target\":{\"@type\":\"EntryPoint\",\"urlTemplate\":\"https:\/\/milagros.ch\/?s={search_term_string}\"},\"query-input\":{\"@type\":\"PropertyValueSpecification\",\"valueRequired\":true,\"valueName\":\"search_term_string\"}}],\"inLanguage\":\"de-CH\"},{\"@type\":\"Organization\",\"@id\":\"https:\/\/milagros.ch\/#organization\",\"name\":\"Milagros Sailing\",\"url\":\"https:\/\/milagros.ch\/\",\"logo\":{\"@type\":\"ImageObject\",\"inLanguage\":\"de-CH\",\"@id\":\"https:\/\/milagros.ch\/#\/schema\/logo\/image\/\",\"url\":\"https:\/\/milagros.ch\/wp-content\/uploads\/2021\/02\/Milagros_black.jpg\",\"contentUrl\":\"https:\/\/milagros.ch\/wp-content\/uploads\/2021\/02\/Milagros_black.jpg\",\"width\":512,\"height\":512,\"caption\":\"Milagros Sailing\"},\"image\":{\"@id\":\"https:\/\/milagros.ch\/#\/schema\/logo\/image\/\"},\"sameAs\":[\"https:\/\/www.facebook.com\/milagros.sailing\",\"https:\/\/www.instagram.com\/milagros_sailing\/\",\"https:\/\/www.linkedin.com\/company\/milagros-sailing\"]},{\"@type\":\"Person\",\"@id\":\"https:\/\/milagros.ch\/#\/schema\/person\/bf6747fcb66e878e86c2169f4bf869af\",\"name\":\"Patricia\",\"image\":{\"@type\":\"ImageObject\",\"inLanguage\":\"de-CH\",\"@id\":\"https:\/\/milagros.ch\/#\/schema\/person\/image\/\",\"url\":\"https:\/\/secure.gravatar.com\/avatar\/8642c08f46e95a6c774a41afa7f1b2c1?s=96&d=retro&r=g\",\"contentUrl\":\"https:\/\/secure.gravatar.com\/avatar\/8642c08f46e95a6c774a41afa7f1b2c1?s=96&d=retro&r=g\",\"caption\":\"Patricia\"},\"url\":\"https:\/\/milagros.ch\/de\/author\/patriciabueeler\/\"}]}<\/script>\n<!-- \/ Yoast SEO Premium plugin. -->","yoast_head_json":{"title":"From Madness to Memories &#8226; Milagros &#8226; Sailing Blog","description":"After a brief stay in La Paz, we sail south to the Mexican mainland. We are excited to finally explore new waters. However, things don't go as planned and one mishap follows the next.","robots":{"index":"index","follow":"follow","max-snippet":"max-snippet:-1","max-image-preview":"max-image-preview:large","max-video-preview":"max-video-preview:-1"},"canonical":"https:\/\/milagros.ch\/de\/zwischen-abenteuer-und-frustration\/","og_locale":"de_DE","og_type":"article","og_title":"From Madness to Memories","og_description":"After a brief stay in La Paz, we sail south to the Mexican mainland. We are excited to finally explore new waters. However, things don't go as planned and one mishap follows the next.","og_url":"https:\/\/milagros.ch\/de\/zwischen-abenteuer-und-frustration\/","og_site_name":"Milagros","article_publisher":"https:\/\/www.facebook.com\/milagros.sailing","article_published_time":"2023-03-26T00:56:13+00:00","article_modified_time":"2023-04-12T16:16:49+00:00","og_image":[{"width":1024,"height":465,"url":"https:\/\/milagros.ch\/wp-content\/uploads\/2023\/03\/madness-title.jpg","type":"image\/jpeg"}],"author":"Patricia","twitter_card":"summary_large_image","twitter_misc":{"Geschrieben von":"Patricia","Gesch\u00e4tzte Lesezeit":"21 Minuten"},"schema":{"@context":"https:\/\/schema.org","@graph":[{"@type":"Article","@id":"https:\/\/milagros.ch\/from-madness-to-memories\/#article","isPartOf":{"@id":"https:\/\/milagros.ch\/from-madness-to-memories\/"},"author":{"name":"Patricia","@id":"https:\/\/milagros.ch\/#\/schema\/person\/bf6747fcb66e878e86c2169f4bf869af"},"headline":"From Madness to Memories","datePublished":"2023-03-26T00:56:13+00:00","dateModified":"2023-04-12T16:16:49+00:00","mainEntityOfPage":{"@id":"https:\/\/milagros.ch\/from-madness-to-memories\/"},"wordCount":2146,"commentCount":0,"publisher":{"@id":"https:\/\/milagros.ch\/#organization"},"image":{"@id":"https:\/\/milagros.ch\/from-madness-to-memories\/#primaryimage"},"thumbnailUrl":"https:\/\/milagros.ch\/wp-content\/uploads\/2023\/03\/madness-title.jpg","keywords":["Kelly Peterson 44"],"articleSection":["Exploration","La Paz","Learning the Ropes","Mexico","Sailing"],"inLanguage":"de-CH","potentialAction":[{"@type":"CommentAction","name":"Comment","target":["https:\/\/milagros.ch\/from-madness-to-memories\/#respond"]}]},{"@type":"WebPage","@id":"https:\/\/milagros.ch\/from-madness-to-memories\/","url":"https:\/\/milagros.ch\/from-madness-to-memories\/","name":"From Madness to Memories &#8226; Milagros &#8226; Sailing Blog","isPartOf":{"@id":"https:\/\/milagros.ch\/#website"},"primaryImageOfPage":{"@id":"https:\/\/milagros.ch\/from-madness-to-memories\/#primaryimage"},"image":{"@id":"https:\/\/milagros.ch\/from-madness-to-memories\/#primaryimage"},"thumbnailUrl":"https:\/\/milagros.ch\/wp-content\/uploads\/2023\/03\/madness-title.jpg","datePublished":"2023-03-26T00:56:13+00:00","dateModified":"2023-04-12T16:16:49+00:00","description":"After a brief stay in La Paz, we sail south to the Mexican mainland. We are excited to finally explore new waters. However, things don't go as planned and one mishap follows the next.","breadcrumb":{"@id":"https:\/\/milagros.ch\/from-madness-to-memories\/#breadcrumb"},"inLanguage":"de-CH","potentialAction":[{"@type":"ReadAction","target":["https:\/\/milagros.ch\/from-madness-to-memories\/"]}]},{"@type":"BreadcrumbList","@id":"https:\/\/milagros.ch\/from-madness-to-memories\/#breadcrumb","itemListElement":[{"@type":"ListItem","position":1,"name":"Startseite","item":"https:\/\/milagros.ch\/"},{"@type":"ListItem","position":2,"name":"From Madness to Memories"}]},{"@type":"WebSite","@id":"https:\/\/milagros.ch\/#website","url":"https:\/\/milagros.ch\/","name":"Milagros","description":"Sch\u00f6n dich kennen zu lernen!","publisher":{"@id":"https:\/\/milagros.ch\/#organization"},"potentialAction":[{"@type":"SearchAction","target":{"@type":"EntryPoint","urlTemplate":"https:\/\/milagros.ch\/?s={search_term_string}"},"query-input":{"@type":"PropertyValueSpecification","valueRequired":true,"valueName":"search_term_string"}}],"inLanguage":"de-CH"},{"@type":"Organization","@id":"https:\/\/milagros.ch\/#organization","name":"Milagros Sailing","url":"https:\/\/milagros.ch\/","logo":{"@type":"ImageObject","inLanguage":"de-CH","@id":"https:\/\/milagros.ch\/#\/schema\/logo\/image\/","url":"https:\/\/milagros.ch\/wp-content\/uploads\/2021\/02\/Milagros_black.jpg","contentUrl":"https:\/\/milagros.ch\/wp-content\/uploads\/2021\/02\/Milagros_black.jpg","width":512,"height":512,"caption":"Milagros Sailing"},"image":{"@id":"https:\/\/milagros.ch\/#\/schema\/logo\/image\/"},"sameAs":["https:\/\/www.facebook.com\/milagros.sailing","https:\/\/www.instagram.com\/milagros_sailing\/","https:\/\/www.linkedin.com\/company\/milagros-sailing"]},{"@type":"Person","@id":"https:\/\/milagros.ch\/#\/schema\/person\/bf6747fcb66e878e86c2169f4bf869af","name":"Patricia","image":{"@type":"ImageObject","inLanguage":"de-CH","@id":"https:\/\/milagros.ch\/#\/schema\/person\/image\/","url":"https:\/\/secure.gravatar.com\/avatar\/8642c08f46e95a6c774a41afa7f1b2c1?s=96&d=retro&r=g","contentUrl":"https:\/\/secure.gravatar.com\/avatar\/8642c08f46e95a6c774a41afa7f1b2c1?s=96&d=retro&r=g","caption":"Patricia"},"url":"https:\/\/milagros.ch\/de\/author\/patriciabueeler\/"}]}},"_links":{"self":[{"href":"https:\/\/milagros.ch\/de\/wp-json\/wp\/v2\/posts\/15304"}],"collection":[{"href":"https:\/\/milagros.ch\/de\/wp-json\/wp\/v2\/posts"}],"about":[{"href":"https:\/\/milagros.ch\/de\/wp-json\/wp\/v2\/types\/post"}],"author":[{"embeddable":true,"href":"https:\/\/milagros.ch\/de\/wp-json\/wp\/v2\/users\/3"}],"replies":[{"embeddable":true,"href":"https:\/\/milagros.ch\/de\/wp-json\/wp\/v2\/comments?post=15304"}],"version-history":[{"count":7,"href":"https:\/\/milagros.ch\/de\/wp-json\/wp\/v2\/posts\/15304\/revisions"}],"predecessor-version":[{"id":15394,"href":"https:\/\/milagros.ch\/de\/wp-json\/wp\/v2\/posts\/15304\/revisions\/15394"}],"wp:featuredmedia":[{"embeddable":true,"href":"https:\/\/milagros.ch\/de\/wp-json\/wp\/v2\/media\/15349"}],"wp:attachment":[{"href":"https:\/\/milagros.ch\/de\/wp-json\/wp\/v2\/media?parent=15304"}],"wp:term":[{"taxonomy":"category","embeddable":true,"href":"https:\/\/milagros.ch\/de\/wp-json\/wp\/v2\/categories?post=15304"},{"taxonomy":"post_tag","embeddable":true,"href":"https:\/\/milagros.ch\/de\/wp-json\/wp\/v2\/tags?post=15304"}],"curies":[{"name":"wp","href":"https:\/\/api.w.org\/{rel}","templated":true}]}}