{"id":15213,"date":"2023-02-18T18:18:00","date_gmt":"2023-02-18T17:18:00","guid":{"rendered":"https:\/\/milagros.ch\/?p=15213"},"modified":"2023-02-18T19:42:00","modified_gmt":"2023-02-18T18:42:00","slug":"gone-with-the-wind","status":"publish","type":"post","link":"https:\/\/milagros.ch\/de\/gone-with-the-wind\/","title":{"rendered":"Vom Winde verweht"},"content":{"rendered":"<p class=\"has-text-align-center\"><em>Mit unserer Ankunft bei der Isla Coronados hatten wir unseren ersten Segeltrip der Saison erfolgreich gemeistert und damit unsere Reise Richtung Panama begonnen. Wir hatten nun rund 3 Wochen Zeit, bis wir im rund 130 Seemeilen (ca. 250 km) entfernen La Paz sein mussten. Dort nehmen wir n\u00e4mlich wertvolle Fracht auf: Unser Freund Flo aus der Schweiz steigt zu und wird mit uns bis nach Puerto Vallarta am mexikanischen Festland segeln.<\/em><\/p>\n\n\n\n<figure class=\"wp-block-image size-large is-style-default\"><img loading=\"lazy\" decoding=\"async\" width=\"1024\" height=\"328\" src=\"https:\/\/milagros.ch\/wp-content\/uploads\/2023\/02\/gone-with-the-wind-title.jpg\" alt=\"\" class=\"wp-image-15249\" srcset=\"https:\/\/milagros.ch\/wp-content\/uploads\/2023\/02\/gone-with-the-wind-title.jpg 1024w, https:\/\/milagros.ch\/wp-content\/uploads\/2023\/02\/gone-with-the-wind-title-300x96.jpg 300w, https:\/\/milagros.ch\/wp-content\/uploads\/2023\/02\/gone-with-the-wind-title-768x246.jpg 768w, https:\/\/milagros.ch\/wp-content\/uploads\/2023\/02\/gone-with-the-wind-title-18x6.jpg 18w\" sizes=\"(max-width: 1024px) 100vw, 1024px\" \/><\/figure>\n\n\n\n<p>Bis es so weit ist, wollten wir auf der Baja Seite noch das letzte Mal ein paar Ankerbuchten entdecken. Isla Coronados war zwar nicht g\u00e4nzlich neu f\u00fcr uns, doch wir hatten noch nie auf der S\u00fcdseite der Insel geankert. Am Tag nach unserer Ankunft war Montag, also ein Arbeitsmorgen f\u00fcr mich, und David ging mit Pete und Shinyi von SV Swan Song an Land, um den Vulkan zu erklimmen. Ich h\u00e4tte vermutlich mitgehen sollen, denn dann war mir noch nicht bewusst, dass es weitere 5 Tage dauern w\u00fcrde, bis ich wieder an Land konnte.<\/p>\n\n\n\n<figure class=\"wp-block-gallery has-nested-images columns-2 is-cropped wp-block-gallery-1 is-layout-flex wp-block-gallery-is-layout-flex\">\n<figure class=\"wp-block-image size-large is-style-default\"><img loading=\"lazy\" decoding=\"async\" width=\"768\" height=\"1024\" data-id=\"15222\" src=\"https:\/\/milagros.ch\/wp-content\/uploads\/2023\/02\/isla-coronados-hiking-crew.jpg\" alt=\"\" class=\"wp-image-15222\" srcset=\"https:\/\/milagros.ch\/wp-content\/uploads\/2023\/02\/isla-coronados-hiking-crew.jpg 768w, https:\/\/milagros.ch\/wp-content\/uploads\/2023\/02\/isla-coronados-hiking-crew-225x300.jpg 225w, https:\/\/milagros.ch\/wp-content\/uploads\/2023\/02\/isla-coronados-hiking-crew-9x12.jpg 9w\" sizes=\"(max-width: 768px) 100vw, 768px\" \/><\/figure>\n\n\n\n<figure class=\"wp-block-image size-large is-style-default\"><img loading=\"lazy\" decoding=\"async\" width=\"1024\" height=\"768\" data-id=\"15223\" src=\"https:\/\/milagros.ch\/wp-content\/uploads\/2023\/02\/isla-coronados-hiking-start.jpg\" alt=\"\" class=\"wp-image-15223\" srcset=\"https:\/\/milagros.ch\/wp-content\/uploads\/2023\/02\/isla-coronados-hiking-start.jpg 1024w, https:\/\/milagros.ch\/wp-content\/uploads\/2023\/02\/isla-coronados-hiking-start-300x225.jpg 300w, https:\/\/milagros.ch\/wp-content\/uploads\/2023\/02\/isla-coronados-hiking-start-768x576.jpg 768w, https:\/\/milagros.ch\/wp-content\/uploads\/2023\/02\/isla-coronados-hiking-start-16x12.jpg 16w\" sizes=\"(max-width: 1024px) 100vw, 1024px\" \/><\/figure>\n\n\n\n<figure class=\"wp-block-image size-large is-style-default\"><img loading=\"lazy\" decoding=\"async\" width=\"1024\" height=\"768\" data-id=\"15224\" src=\"https:\/\/milagros.ch\/wp-content\/uploads\/2023\/02\/isla-coronados-paradise.jpg\" alt=\"\" class=\"wp-image-15224\" srcset=\"https:\/\/milagros.ch\/wp-content\/uploads\/2023\/02\/isla-coronados-paradise.jpg 1024w, https:\/\/milagros.ch\/wp-content\/uploads\/2023\/02\/isla-coronados-paradise-300x225.jpg 300w, https:\/\/milagros.ch\/wp-content\/uploads\/2023\/02\/isla-coronados-paradise-768x576.jpg 768w, https:\/\/milagros.ch\/wp-content\/uploads\/2023\/02\/isla-coronados-paradise-16x12.jpg 16w\" sizes=\"(max-width: 1024px) 100vw, 1024px\" \/><\/figure>\n\n\n\n<figure class=\"wp-block-image size-large is-style-default\"><img loading=\"lazy\" decoding=\"async\" width=\"1024\" height=\"768\" data-id=\"15228\" src=\"https:\/\/milagros.ch\/wp-content\/uploads\/2023\/02\/isla-coronaods-volcano-view.jpg\" alt=\"\" class=\"wp-image-15228\" srcset=\"https:\/\/milagros.ch\/wp-content\/uploads\/2023\/02\/isla-coronaods-volcano-view.jpg 1024w, https:\/\/milagros.ch\/wp-content\/uploads\/2023\/02\/isla-coronaods-volcano-view-300x225.jpg 300w, https:\/\/milagros.ch\/wp-content\/uploads\/2023\/02\/isla-coronaods-volcano-view-768x576.jpg 768w, https:\/\/milagros.ch\/wp-content\/uploads\/2023\/02\/isla-coronaods-volcano-view-16x12.jpg 16w\" sizes=\"(max-width: 1024px) 100vw, 1024px\" \/><\/figure>\n\n\n\n<figure class=\"wp-block-image size-large is-style-default\"><img loading=\"lazy\" decoding=\"async\" width=\"1024\" height=\"768\" data-id=\"15227\" src=\"https:\/\/milagros.ch\/wp-content\/uploads\/2023\/02\/isla-coronados-white-beach.jpg\" alt=\"\" class=\"wp-image-15227\" srcset=\"https:\/\/milagros.ch\/wp-content\/uploads\/2023\/02\/isla-coronados-white-beach.jpg 1024w, https:\/\/milagros.ch\/wp-content\/uploads\/2023\/02\/isla-coronados-white-beach-300x225.jpg 300w, https:\/\/milagros.ch\/wp-content\/uploads\/2023\/02\/isla-coronados-white-beach-768x576.jpg 768w, https:\/\/milagros.ch\/wp-content\/uploads\/2023\/02\/isla-coronados-white-beach-16x12.jpg 16w\" sizes=\"(max-width: 1024px) 100vw, 1024px\" \/><\/figure>\n\n\n\n<figure class=\"wp-block-image size-large is-style-default\"><img loading=\"lazy\" decoding=\"async\" width=\"800\" height=\"600\" data-id=\"15226\" src=\"https:\/\/milagros.ch\/wp-content\/uploads\/2023\/02\/isla-coronados-volcanic-view.jpg\" alt=\"\" class=\"wp-image-15226\" srcset=\"https:\/\/milagros.ch\/wp-content\/uploads\/2023\/02\/isla-coronados-volcanic-view.jpg 800w, https:\/\/milagros.ch\/wp-content\/uploads\/2023\/02\/isla-coronados-volcanic-view-300x225.jpg 300w, https:\/\/milagros.ch\/wp-content\/uploads\/2023\/02\/isla-coronados-volcanic-view-768x576.jpg 768w, https:\/\/milagros.ch\/wp-content\/uploads\/2023\/02\/isla-coronados-volcanic-view-16x12.jpg 16w\" sizes=\"(max-width: 800px) 100vw, 800px\" \/><\/figure>\n<figcaption class=\"blocks-gallery-caption\">Wanderung auf den Vulkan auf der Isla Coronados<\/figcaption><\/figure>\n\n\n\n<h2 class=\"wp-block-heading\" id=\"h-it-s-wet-and-cold\">Es ist nass und kalt<\/h2>\n\n\n\n<p>Es war Nordwindsaison und der Wetterbericht sagte vier Tage starken Wind bis zu 70 km\/h voraus. Obwohl wir an der S\u00fcdseite der Insel geankert hatten, waren wir weniger gesch\u00fctzt als erhofft. Es schlichen sich Wellen um die S\u00fcdost-Ecke der Isla Coronados, die Milagros nur so tanzen liessen. Unser Beiboot wasserten wir gar nicht erst ein. Pete und Shinyi liessen sich aber von Wind und Wellen nicht abhalten, und kamen einige Male auf Milagros vorbei \u2013 vor allem f\u00fcr Siedler von Catan und Internetverbindung, aber sicherlich auch f\u00fcr uns. Auch Bernie und Kate von SV Momo liessen sich die Siedler von Catan Spiele nicht entgehen.<\/p>\n\n\n\n<figure class=\"wp-block-image size-large is-style-default\"><img loading=\"lazy\" decoding=\"async\" width=\"1024\" height=\"768\" src=\"https:\/\/milagros.ch\/wp-content\/uploads\/2023\/02\/settlers-of-catan.jpg\" alt=\"\" class=\"wp-image-15240\" srcset=\"https:\/\/milagros.ch\/wp-content\/uploads\/2023\/02\/settlers-of-catan.jpg 1024w, https:\/\/milagros.ch\/wp-content\/uploads\/2023\/02\/settlers-of-catan-300x225.jpg 300w, https:\/\/milagros.ch\/wp-content\/uploads\/2023\/02\/settlers-of-catan-768x576.jpg 768w, https:\/\/milagros.ch\/wp-content\/uploads\/2023\/02\/settlers-of-catan-16x12.jpg 16w\" sizes=\"(max-width: 1024px) 100vw, 1024px\" \/><\/figure>\n\n\n\n<h2 class=\"wp-block-heading\">Szenenwechsel<\/h2>\n\n\n\n<p>Einen Nachmittag verbrachten wir auch bei Pete auf Swan Song und versuchten, seinen Wassermacher zum Wasser machen zu bringen. Wir scheiterten leider schlussendlich an einem (vermutlich) defekten Sensor, aber Shinyi tr\u00f6stete uns mit leckerem, selbstgemachtem Sushi. Der Szenenwechsel tat gut, obwohl wir im Prinzip einfach auf einem anderen Schiff vom Wind hin und her geschaukelt wurden.<\/p>\n\n\n\n<h2 class=\"wp-block-heading\">Wir segeln weiter<\/h2>\n\n\n\n<p>Sobald sich die See von all diesem Wind beruhigt hatte, konnten wir zur n\u00e4chsten Insel weitersegeln. Leider war erneut ein starker, 4-t\u00e4giger Nordwind angesagt. Deshalb wollten wir nach unserer Ankunft in der neuen Bucht (Punta Perico) auch rasch das Dinghy einwassern und an Land gehen. Gerade als wir mit dem Bereitmachen des Dinghys begannen, holte das einzige andere Schiff seinen Anker hoch. Und wir freuten uns bereits, dass wir die Bucht f\u00fcr uns allein haben w\u00fcrden.<\/p>\n\n\n\n<figure class=\"wp-block-gallery has-nested-images columns-1 is-cropped wp-block-gallery-2 is-layout-flex wp-block-gallery-is-layout-flex\">\n<figure class=\"wp-block-image size-large is-style-default\"><img loading=\"lazy\" decoding=\"async\" width=\"1024\" height=\"618\" data-id=\"15250\" src=\"https:\/\/milagros.ch\/wp-content\/uploads\/2023\/02\/coronaods-punta-perico.jpg\" alt=\"\" class=\"wp-image-15250\" srcset=\"https:\/\/milagros.ch\/wp-content\/uploads\/2023\/02\/coronaods-punta-perico.jpg 1024w, https:\/\/milagros.ch\/wp-content\/uploads\/2023\/02\/coronaods-punta-perico-300x181.jpg 300w, https:\/\/milagros.ch\/wp-content\/uploads\/2023\/02\/coronaods-punta-perico-768x464.jpg 768w, https:\/\/milagros.ch\/wp-content\/uploads\/2023\/02\/coronaods-punta-perico-18x12.jpg 18w\" sizes=\"(max-width: 1024px) 100vw, 1024px\" \/><\/figure>\n\n\n\n<figure class=\"wp-block-image size-large is-style-default\"><img loading=\"lazy\" decoding=\"async\" width=\"1024\" height=\"768\" data-id=\"15237\" src=\"https:\/\/milagros.ch\/wp-content\/uploads\/2023\/02\/punta-perico-milagros.jpg\" alt=\"\" class=\"wp-image-15237\" srcset=\"https:\/\/milagros.ch\/wp-content\/uploads\/2023\/02\/punta-perico-milagros.jpg 1024w, https:\/\/milagros.ch\/wp-content\/uploads\/2023\/02\/punta-perico-milagros-300x225.jpg 300w, https:\/\/milagros.ch\/wp-content\/uploads\/2023\/02\/punta-perico-milagros-768x576.jpg 768w, https:\/\/milagros.ch\/wp-content\/uploads\/2023\/02\/punta-perico-milagros-16x12.jpg 16w\" sizes=\"(max-width: 1024px) 100vw, 1024px\" \/><\/figure>\n<\/figure>\n\n\n\n<h2 class=\"wp-block-heading\">Kontrollverlust<\/h2>\n\n\n\n<p>Das andere Schiff motorte in unsere Richtung, und wir dachten uns nichts dabei. Der Besitzer wollte eine Runde um unser Schiff drehen, uns begr\u00fcssen und mitteilen, dass es viele Bienen hat. Doch pl\u00f6tzlich erfasste ihn ein Windstoss und sein Bug steuerte direkt auf Milagros zu. Er verlor die Kontrolle \u00fcber sein Schiff und wir waren nicht schnell genug, um Fender hervorzuholen. Er war zum Gl\u00fcck nicht sehr schnell unterwegs, dennoch schrammte sein Grill, der auf seiner Reling montiert war, \u00fcber unsere Toe Rail und zerst\u00f6rte deren Lackierung \u00fcber eine Strecke von einem Meter. Der Grill blieb dann in unserer Reling h\u00e4ng, verbog den Fuss eines St\u00e4nders und riss ab.<\/p>\n\n\n\n<figure class=\"wp-block-gallery has-nested-images columns-default is-cropped wp-block-gallery-3 is-layout-flex wp-block-gallery-is-layout-flex\">\n<figure class=\"wp-block-image size-large is-style-default\"><img loading=\"lazy\" decoding=\"async\" width=\"768\" height=\"1024\" data-id=\"15247\" src=\"https:\/\/milagros.ch\/wp-content\/uploads\/2023\/02\/the-bent-stanchion.jpg\" alt=\"\" class=\"wp-image-15247\" srcset=\"https:\/\/milagros.ch\/wp-content\/uploads\/2023\/02\/the-bent-stanchion.jpg 768w, https:\/\/milagros.ch\/wp-content\/uploads\/2023\/02\/the-bent-stanchion-225x300.jpg 225w, https:\/\/milagros.ch\/wp-content\/uploads\/2023\/02\/the-bent-stanchion-9x12.jpg 9w\" sizes=\"(max-width: 768px) 100vw, 768px\" \/><\/figure>\n\n\n\n<figure class=\"wp-block-image size-large is-style-default\"><img loading=\"lazy\" decoding=\"async\" width=\"768\" height=\"1024\" data-id=\"15248\" src=\"https:\/\/milagros.ch\/wp-content\/uploads\/2023\/02\/the-destroyed-varnish.jpg\" alt=\"\" class=\"wp-image-15248\" srcset=\"https:\/\/milagros.ch\/wp-content\/uploads\/2023\/02\/the-destroyed-varnish.jpg 768w, https:\/\/milagros.ch\/wp-content\/uploads\/2023\/02\/the-destroyed-varnish-225x300.jpg 225w, https:\/\/milagros.ch\/wp-content\/uploads\/2023\/02\/the-destroyed-varnish-9x12.jpg 9w\" sizes=\"(max-width: 768px) 100vw, 768px\" \/><\/figure>\n<\/figure>\n\n\n\n<h2 class=\"wp-block-heading\">Einfach hallo sagen<\/h2>\n\n\n\n<p>Wir konnten aber zum Gl\u00fcck verhindern, dass unser neuer Freibordanstrich besch\u00e4digt wurde, und auch sonst wurde niemand verletzt. Nur haben wir jetzt einen weiteren Schaden, den wir nicht selbst verursacht haben, kaum dass wir dem letzten am Bugkorb repariert hatten. Uns begr\u00fcssen und \u00fcber die Bienen informieren h\u00e4tte er auch gut \u00fcber Funk machen k\u00f6nnen. Er war aber so nett, uns seine Nummer zu geben und war bereit, f\u00fcr die Sch\u00e4den aufzukommen. Doch wie sollten wir die Sch\u00e4den beziffern? Kopfsch\u00fcttelnd wasserten wir das Dinghy ein.<\/p>\n\n\n\n<figure class=\"wp-block-image size-full is-style-default\"><img loading=\"lazy\" decoding=\"async\" width=\"1024\" height=\"775\" src=\"https:\/\/milagros.ch\/wp-content\/uploads\/2023\/02\/punta-perico-going-ashore.jpg\" alt=\"\" class=\"wp-image-15236\" srcset=\"https:\/\/milagros.ch\/wp-content\/uploads\/2023\/02\/punta-perico-going-ashore.jpg 1024w, https:\/\/milagros.ch\/wp-content\/uploads\/2023\/02\/punta-perico-going-ashore-300x227.jpg 300w, https:\/\/milagros.ch\/wp-content\/uploads\/2023\/02\/punta-perico-going-ashore-768x581.jpg 768w, https:\/\/milagros.ch\/wp-content\/uploads\/2023\/02\/punta-perico-going-ashore-16x12.jpg 16w\" sizes=\"(max-width: 1024px) 100vw, 1024px\" \/><\/figure>\n\n\n\n<h2 class=\"wp-block-heading\">Endlich wieder an Land<\/h2>\n\n\n\n<p>Kurze Zeit sp\u00e4ter segelte auch schon Swan Song ums Eck. Kaum war deren Anker gesetzt, war auch schon das Dinghy im Wasser und wir trafen uns alle am Strand f\u00fcr einen Spaz(b)iergang. Dann realisierte ich, dass ich schon ganze 7 Tage kein Land mehr unter meinen F\u00fcssen hatte. Es tat gut, mal wieder \u00fcber Stock und Stein zu gehen. Das Gehen hatte ich zum Gl\u00fcck noch nicht verlernt. Wir genossen die Ruhe vor dem Sturm, und entdeckten allerlei totes Getier am Strand. Verschiedenste Fische, eine Schildkr\u00f6te, eine kleine Mur\u00e4ne, Muscheln und Korallen gab zu Bestaunen. Und auch die dramatischen Felsformationen der Insel in allen Farben und Formen, gespickt mit Kakteen und niedrig wachsenden B\u00fcschen waren eine Augenweide.<\/p>\n\n\n\n<figure class=\"wp-block-gallery has-nested-images columns-2 is-cropped wp-block-gallery-4 is-layout-flex wp-block-gallery-is-layout-flex\">\n<figure class=\"wp-block-image size-large is-style-default\"><img loading=\"lazy\" decoding=\"async\" width=\"1024\" height=\"768\" data-id=\"15238\" src=\"https:\/\/milagros.ch\/wp-content\/uploads\/2023\/02\/punta-perico-milagros-and-swan-song.jpg\" alt=\"\" class=\"wp-image-15238\" srcset=\"https:\/\/milagros.ch\/wp-content\/uploads\/2023\/02\/punta-perico-milagros-and-swan-song.jpg 1024w, https:\/\/milagros.ch\/wp-content\/uploads\/2023\/02\/punta-perico-milagros-and-swan-song-300x225.jpg 300w, https:\/\/milagros.ch\/wp-content\/uploads\/2023\/02\/punta-perico-milagros-and-swan-song-768x576.jpg 768w, https:\/\/milagros.ch\/wp-content\/uploads\/2023\/02\/punta-perico-milagros-and-swan-song-16x12.jpg 16w\" sizes=\"(max-width: 1024px) 100vw, 1024px\" \/><\/figure>\n\n\n\n<figure class=\"wp-block-image size-large is-style-default\"><img loading=\"lazy\" decoding=\"async\" width=\"768\" height=\"1024\" data-id=\"15235\" src=\"https:\/\/milagros.ch\/wp-content\/uploads\/2023\/02\/punta-perico-eel.jpg\" alt=\"\" class=\"wp-image-15235\" srcset=\"https:\/\/milagros.ch\/wp-content\/uploads\/2023\/02\/punta-perico-eel.jpg 768w, https:\/\/milagros.ch\/wp-content\/uploads\/2023\/02\/punta-perico-eel-225x300.jpg 225w, https:\/\/milagros.ch\/wp-content\/uploads\/2023\/02\/punta-perico-eel-9x12.jpg 9w\" sizes=\"(max-width: 768px) 100vw, 768px\" \/><\/figure>\n\n\n\n<figure class=\"wp-block-image size-large is-style-default\"><img loading=\"lazy\" decoding=\"async\" width=\"1024\" height=\"768\" data-id=\"15239\" src=\"https:\/\/milagros.ch\/wp-content\/uploads\/2023\/02\/punta-perico-sea-lions.jpg\" alt=\"\" class=\"wp-image-15239\" srcset=\"https:\/\/milagros.ch\/wp-content\/uploads\/2023\/02\/punta-perico-sea-lions.jpg 1024w, https:\/\/milagros.ch\/wp-content\/uploads\/2023\/02\/punta-perico-sea-lions-300x225.jpg 300w, https:\/\/milagros.ch\/wp-content\/uploads\/2023\/02\/punta-perico-sea-lions-768x576.jpg 768w, https:\/\/milagros.ch\/wp-content\/uploads\/2023\/02\/punta-perico-sea-lions-16x12.jpg 16w\" sizes=\"(max-width: 1024px) 100vw, 1024px\" \/><\/figure>\n<\/figure>\n\n\n\n<h2 class=\"wp-block-heading\">Es windet sehr<\/h2>\n\n\n\n<p>Und dann kam der Wind. F\u00fcr 4 Tag praktisch non-stop rissen Winde von konstant 50 km\/h mit B\u00f6en bis zu 75 km\/h am Schiff. Unerl\u00e4sslich und w\u00fctend. Und wir konnten nichts anderes tun, als die Luken dicht zu machen und den kalten Wind \u00fcber uns ergehen zu lassen. Wir widmeten uns halt einigen Bootsprojekten. Wir wollten schon lange einen Bilgenpumpenz\u00e4hler und einen Bilgenpumpenalarm einbauen. Ersterer z\u00e4hlt, wie oft die Bilgenpumpe l\u00e4uft (optimalerweise l\u00e4uft sie nie) und zweiterer alarmiert, sollte das Wasser im Schiff \u00fcber einen bestimmten Pegel steigen (optimalerweise auch nie). Den Alarm wollten wir auch gleich noch mit der Installation einer sekund\u00e4ren Bilgenpumpe verbinden (die optimalerweise auch nie l\u00e4uft), jedoch fehlte uns ein kleines Zwischenst\u00fcck. Jetzt ist die Installation halt vorbereitet.<\/p>\n\n\n\n<figure class=\"wp-block-gallery has-nested-images columns-2 is-cropped wp-block-gallery-5 is-layout-flex wp-block-gallery-is-layout-flex\">\n<figure class=\"wp-block-image size-large is-style-default\"><img loading=\"lazy\" decoding=\"async\" width=\"768\" height=\"1024\" data-id=\"15229\" src=\"https:\/\/milagros.ch\/wp-content\/uploads\/2023\/02\/making-a-hole-in-the-wall.jpg\" alt=\"\" class=\"wp-image-15229\" srcset=\"https:\/\/milagros.ch\/wp-content\/uploads\/2023\/02\/making-a-hole-in-the-wall.jpg 768w, https:\/\/milagros.ch\/wp-content\/uploads\/2023\/02\/making-a-hole-in-the-wall-225x300.jpg 225w, https:\/\/milagros.ch\/wp-content\/uploads\/2023\/02\/making-a-hole-in-the-wall-9x12.jpg 9w\" sizes=\"(max-width: 768px) 100vw, 768px\" \/><\/figure>\n\n\n\n<figure class=\"wp-block-image size-large is-style-default\"><img loading=\"lazy\" decoding=\"async\" width=\"768\" height=\"1024\" data-id=\"15220\" src=\"https:\/\/milagros.ch\/wp-content\/uploads\/2023\/02\/hole-in-the-wall.jpg\" alt=\"\" class=\"wp-image-15220\" srcset=\"https:\/\/milagros.ch\/wp-content\/uploads\/2023\/02\/hole-in-the-wall.jpg 768w, https:\/\/milagros.ch\/wp-content\/uploads\/2023\/02\/hole-in-the-wall-225x300.jpg 225w, https:\/\/milagros.ch\/wp-content\/uploads\/2023\/02\/hole-in-the-wall-9x12.jpg 9w\" sizes=\"(max-width: 768px) 100vw, 768px\" \/><\/figure>\n\n\n\n<figure class=\"wp-block-image size-large is-style-default\"><img loading=\"lazy\" decoding=\"async\" width=\"797\" height=\"1024\" data-id=\"15217\" src=\"https:\/\/milagros.ch\/wp-content\/uploads\/2023\/02\/bilge-counter.jpg\" alt=\"\" class=\"wp-image-15217\" srcset=\"https:\/\/milagros.ch\/wp-content\/uploads\/2023\/02\/bilge-counter.jpg 797w, https:\/\/milagros.ch\/wp-content\/uploads\/2023\/02\/bilge-counter-233x300.jpg 233w, https:\/\/milagros.ch\/wp-content\/uploads\/2023\/02\/bilge-counter-768x987.jpg 768w, https:\/\/milagros.ch\/wp-content\/uploads\/2023\/02\/bilge-counter-9x12.jpg 9w\" sizes=\"(max-width: 797px) 100vw, 797px\" \/><\/figure>\n\n\n\n<figure class=\"wp-block-image size-large is-style-default\"><img loading=\"lazy\" decoding=\"async\" width=\"768\" height=\"1024\" data-id=\"15218\" src=\"https:\/\/milagros.ch\/wp-content\/uploads\/2023\/02\/bilge-counter-installation.jpg\" alt=\"\" class=\"wp-image-15218\" srcset=\"https:\/\/milagros.ch\/wp-content\/uploads\/2023\/02\/bilge-counter-installation.jpg 768w, https:\/\/milagros.ch\/wp-content\/uploads\/2023\/02\/bilge-counter-installation-225x300.jpg 225w, https:\/\/milagros.ch\/wp-content\/uploads\/2023\/02\/bilge-counter-installation-9x12.jpg 9w\" sizes=\"(max-width: 768px) 100vw, 768px\" \/><\/figure>\n<\/figure>\n\n\n\n<h2 class=\"wp-block-heading\">Starlink Modifikation<\/h2>\n\n\n\n<p>Unsere Starlink Satellitensch\u00fcssel hatte M\u00fche mit den Bewegungen des Schiffs im Wind. St\u00e4ndig richtete sich die Sch\u00fcssel neu aus. Das brauchte wahnsinnig viel Strom und bei jeder Ausrichtung setzte die Verbindung kurz aus. So konnten wir nicht arbeiten. Deshalb schraubten wir unsere Sch\u00fcssel auf und nahmen kurzerhand den Motor vom Strom. Die Ausrichtung wird jetzt in Zukunft nicht mehr optimal sein, aber immer noch gut genug f\u00fcr uns. Wir bemerkten jedenfalls keinen Unterschied.<\/p>\n\n\n\n<figure class=\"wp-block-gallery has-nested-images columns-default is-cropped wp-block-gallery-6 is-layout-flex wp-block-gallery-is-layout-flex\">\n<figure class=\"wp-block-image size-large is-style-default\"><img loading=\"lazy\" decoding=\"async\" width=\"768\" height=\"1024\" data-id=\"15219\" src=\"https:\/\/milagros.ch\/wp-content\/uploads\/2023\/02\/disabling-the-starlink-motor.jpg\" alt=\"\" class=\"wp-image-15219\" srcset=\"https:\/\/milagros.ch\/wp-content\/uploads\/2023\/02\/disabling-the-starlink-motor.jpg 768w, https:\/\/milagros.ch\/wp-content\/uploads\/2023\/02\/disabling-the-starlink-motor-225x300.jpg 225w, https:\/\/milagros.ch\/wp-content\/uploads\/2023\/02\/disabling-the-starlink-motor-9x12.jpg 9w\" sizes=\"(max-width: 768px) 100vw, 768px\" \/><\/figure>\n<\/figure>\n\n\n\n<h2 class=\"wp-block-heading\">Windschaden<\/h2>\n\n\n\n<p>Eine besonders w\u00fctende B\u00f6e riss eines Abends eines der alten Solarpanels aus der Befestigung. David sass zu diesem Zeitpunkt zuf\u00e4lligerweise im Cockpit und konnte Schlimmeres verhindern. Wir fanden heraus, dass die Alunieten korrodiert waren und es nur eine Frage der Zeit war, bis etwas passierte. Dank unserem Solar-Upgrade, bei dem wir auch die alten Panels mit Verbindungssteckern und Schaltern ausgestattet haben, war es f\u00fcr uns ein leichtes, das eine Panel vom Strom zu nehmen. Mit wenigen Handgriffen verstauten wir das Panel unter Deck. Am n\u00e4chsten Morgen reparierten wir die Aufh\u00e4ngung und innert k\u00fcrzester Zeit produzierte das Panel wieder Strom f\u00fcr uns.<\/p>\n\n\n\n<figure class=\"wp-block-gallery has-nested-images columns-default is-cropped wp-block-gallery-7 is-layout-flex wp-block-gallery-is-layout-flex\">\n<figure class=\"wp-block-image size-large is-style-default\"><img loading=\"lazy\" decoding=\"async\" width=\"768\" height=\"1024\" data-id=\"15242\" src=\"https:\/\/milagros.ch\/wp-content\/uploads\/2023\/02\/solar-panel-david-inspecting-damage.jpg\" alt=\"\" class=\"wp-image-15242\" srcset=\"https:\/\/milagros.ch\/wp-content\/uploads\/2023\/02\/solar-panel-david-inspecting-damage.jpg 768w, https:\/\/milagros.ch\/wp-content\/uploads\/2023\/02\/solar-panel-david-inspecting-damage-225x300.jpg 225w, https:\/\/milagros.ch\/wp-content\/uploads\/2023\/02\/solar-panel-david-inspecting-damage-9x12.jpg 9w\" sizes=\"(max-width: 768px) 100vw, 768px\" \/><\/figure>\n\n\n\n<figure class=\"wp-block-image size-large is-style-default\"><img loading=\"lazy\" decoding=\"async\" width=\"768\" height=\"1024\" data-id=\"15241\" src=\"https:\/\/milagros.ch\/wp-content\/uploads\/2023\/02\/solar-panel-damage.jpg\" alt=\"\" class=\"wp-image-15241\" srcset=\"https:\/\/milagros.ch\/wp-content\/uploads\/2023\/02\/solar-panel-damage.jpg 768w, https:\/\/milagros.ch\/wp-content\/uploads\/2023\/02\/solar-panel-damage-225x300.jpg 225w, https:\/\/milagros.ch\/wp-content\/uploads\/2023\/02\/solar-panel-damage-9x12.jpg 9w\" sizes=\"(max-width: 768px) 100vw, 768px\" \/><\/figure>\n\n\n\n<figure class=\"wp-block-image size-large is-style-default\"><img loading=\"lazy\" decoding=\"async\" width=\"1024\" height=\"768\" data-id=\"15244\" src=\"https:\/\/milagros.ch\/wp-content\/uploads\/2023\/02\/solar-panel-mount-damage.jpg\" alt=\"\" class=\"wp-image-15244\" srcset=\"https:\/\/milagros.ch\/wp-content\/uploads\/2023\/02\/solar-panel-mount-damage.jpg 1024w, https:\/\/milagros.ch\/wp-content\/uploads\/2023\/02\/solar-panel-mount-damage-300x225.jpg 300w, https:\/\/milagros.ch\/wp-content\/uploads\/2023\/02\/solar-panel-mount-damage-768x576.jpg 768w, https:\/\/milagros.ch\/wp-content\/uploads\/2023\/02\/solar-panel-mount-damage-16x12.jpg 16w\" sizes=\"(max-width: 1024px) 100vw, 1024px\" \/><\/figure>\n\n\n\n<figure class=\"wp-block-image size-large is-style-default\"><img loading=\"lazy\" decoding=\"async\" width=\"768\" height=\"1024\" data-id=\"15246\" src=\"https:\/\/milagros.ch\/wp-content\/uploads\/2023\/02\/solar-panel-mount-fix-old.jpg\" alt=\"\" class=\"wp-image-15246\" srcset=\"https:\/\/milagros.ch\/wp-content\/uploads\/2023\/02\/solar-panel-mount-fix-old.jpg 768w, https:\/\/milagros.ch\/wp-content\/uploads\/2023\/02\/solar-panel-mount-fix-old-225x300.jpg 225w, https:\/\/milagros.ch\/wp-content\/uploads\/2023\/02\/solar-panel-mount-fix-old-9x12.jpg 9w\" sizes=\"(max-width: 768px) 100vw, 768px\" \/><\/figure>\n\n\n\n<figure class=\"wp-block-image size-large is-style-default\"><img loading=\"lazy\" decoding=\"async\" width=\"768\" height=\"1024\" data-id=\"15245\" src=\"https:\/\/milagros.ch\/wp-content\/uploads\/2023\/02\/solar-panel-mount-fix.jpg\" alt=\"\" class=\"wp-image-15245\" srcset=\"https:\/\/milagros.ch\/wp-content\/uploads\/2023\/02\/solar-panel-mount-fix.jpg 768w, https:\/\/milagros.ch\/wp-content\/uploads\/2023\/02\/solar-panel-mount-fix-225x300.jpg 225w, https:\/\/milagros.ch\/wp-content\/uploads\/2023\/02\/solar-panel-mount-fix-9x12.jpg 9w\" sizes=\"(max-width: 768px) 100vw, 768px\" \/><\/figure>\n\n\n\n<figure class=\"wp-block-image size-large is-style-default\"><img loading=\"lazy\" decoding=\"async\" width=\"768\" height=\"1024\" data-id=\"15243\" src=\"https:\/\/milagros.ch\/wp-content\/uploads\/2023\/02\/solar-panel-fix.jpg\" alt=\"\" class=\"wp-image-15243\" srcset=\"https:\/\/milagros.ch\/wp-content\/uploads\/2023\/02\/solar-panel-fix.jpg 768w, https:\/\/milagros.ch\/wp-content\/uploads\/2023\/02\/solar-panel-fix-225x300.jpg 225w, https:\/\/milagros.ch\/wp-content\/uploads\/2023\/02\/solar-panel-fix-9x12.jpg 9w\" sizes=\"(max-width: 768px) 100vw, 768px\" \/><\/figure>\n<\/figure>\n\n\n\n<h2 class=\"wp-block-heading\">Es reicht langsam<\/h2>\n\n\n\n<p>Irgendwann hatten wir aber genug. Die 4 Tage wollten und wollten einfach nicht vorbei gehen. Immer wieder schauten wir auf die Wettervorhersage, doch sie blieb immer gleich. Es war richtig ungem\u00fctlich auf dem Schiff, denn der Wind war vor allem eines: laut. Und das konstante Hin- und Hergewackel macht unglaublich m\u00fcde. Schlafen kann man bei diesem L\u00e4rm auch nicht so gut. Ohrenst\u00f6psel wollten wir aber beide nicht reintun, denn wenn man nichts mehr h\u00f6rt, h\u00f6rt man auch nicht, falls etwas schief geht. Der eigene Anker k\u00f6nnte ausreissen, oder der eines anderen Schiffs in der Bucht, auch sonst k\u00f6nnen unter der Belastung Dinge kaputt gehen. Nach den 4 Tagen waren wir echt geschlaucht und freuten uns richtig auf ruhigere Zeiten.<\/p>\n\n\n\n<figure class=\"wp-block-image size-full is-style-default\"><img loading=\"lazy\" decoding=\"async\" width=\"1024\" height=\"768\" src=\"https:\/\/milagros.ch\/wp-content\/uploads\/2023\/02\/isla-coronados-sunset.jpg\" alt=\"\" class=\"wp-image-15225\" srcset=\"https:\/\/milagros.ch\/wp-content\/uploads\/2023\/02\/isla-coronados-sunset.jpg 1024w, https:\/\/milagros.ch\/wp-content\/uploads\/2023\/02\/isla-coronados-sunset-300x225.jpg 300w, https:\/\/milagros.ch\/wp-content\/uploads\/2023\/02\/isla-coronados-sunset-768x576.jpg 768w, https:\/\/milagros.ch\/wp-content\/uploads\/2023\/02\/isla-coronados-sunset-16x12.jpg 16w\" sizes=\"(max-width: 1024px) 100vw, 1024px\" \/><\/figure>\n\n\n\n<h2 class=\"wp-block-heading\">Abschiedszeit<\/h2>\n\n\n\n<p>Bevor wir aber die Isla Carmen verliessen, mussten wir uns von Pete und Shinyi verabschieden, die sich wieder auf den Weg nach Guaymas machen mussten. Denn Pete ist Feuerl\u00f6schpilot in Kanada und die Waldbrandsaison startet bald wieder. Einen Tag sp\u00e4ter verabschiedeten wir uns auch von Bernie mit einer letzten Runde Siedler von Catan. Bernie lebt seit 19 Jahren auf dem Segelschiff Momo, hat darauf 2 Kinder grossgezogen und einmal die Welt umrundet. Wir hatten eine interessante Unterhaltung \u00fcber die Vor- und Nachteile vom Aufwachsen auf einem Schiff. Uns ist nur ein Nachteil eingefallen: man hat keine Wurzeln, keine Heimat, keine alten Schulfreunde, zu denen man \u201azur\u00fcck\u2018 kann, denn man ist \u00fcberall auf der Welt zuhause. Was denkst du: \u00dcberwiegen die Vorteile?<\/p>\n\n\n\n<figure class=\"wp-block-image size-full is-style-default\"><img loading=\"lazy\" decoding=\"async\" width=\"1024\" height=\"768\" src=\"https:\/\/milagros.ch\/wp-content\/uploads\/2023\/02\/milagros-sunset.jpg\" alt=\"\" class=\"wp-image-15233\" srcset=\"https:\/\/milagros.ch\/wp-content\/uploads\/2023\/02\/milagros-sunset.jpg 1024w, https:\/\/milagros.ch\/wp-content\/uploads\/2023\/02\/milagros-sunset-300x225.jpg 300w, https:\/\/milagros.ch\/wp-content\/uploads\/2023\/02\/milagros-sunset-768x576.jpg 768w, https:\/\/milagros.ch\/wp-content\/uploads\/2023\/02\/milagros-sunset-16x12.jpg 16w\" sizes=\"(max-width: 1024px) 100vw, 1024px\" \/><\/figure>\n\n\n\n<p>Hat dir dieser Blogbeitrag gefallen? Wenn du magst kannst du uns ein Bier spendieren, in dem du unten auf den Button klickst, oder ein monatlicher Unterst\u00fctzer wirst auf\u00a0<a href=\"https:\/\/www.patreon.com\/milagros_sailing\" target=\"_blank\" rel=\"noreferrer noopener\">Patreon<\/a>. Vielen Dank!<\/p>\n\n\n\n<div class=\"wp-block-buttons is-content-justification-center is-layout-flex wp-container-core-buttons-layout-1 wp-block-buttons-is-layout-flex\">\n<div class=\"wp-block-button\"><a class=\"wp-block-button__link\" href=\"https:\/\/milagros.ch\/de\/unterstuetzung\/\">Spendiere uns ein Bier! \ud83c\udf7b<\/a><\/div>\n<\/div>","protected":false},"excerpt":{"rendered":"<p>Wir hatten rund 3 Wochen Zeit, bis wir in La Paz sein mussten. Bis dahin wollten wir auf der Baja Seite noch das letzte Mal in paar Ankerbuchten entdecken.<\/p>","protected":false},"author":3,"featured_media":15236,"comment_status":"open","ping_status":"open","sticky":false,"template":"","format":"standard","meta":{"_acf_changed":false,"_monsterinsights_skip_tracking":false,"_monsterinsights_sitenote_active":false,"_monsterinsights_sitenote_note":"","_monsterinsights_sitenote_category":0,"cybocfi_hide_featured_image":"yes","footnotes":""},"categories":[118,21,28],"tags":[57,65],"acf":[],"yoast_head":"<!-- This site is optimized with the Yoast SEO Premium plugin v22.0 (Yoast SEO v23.5) - https:\/\/yoast.com\/wordpress\/plugins\/seo\/ -->\n<title>Gone with the Wind &#8226; Milagros &#8226; Sailing Blog<\/title>\n<meta name=\"robots\" content=\"index, follow, max-snippet:-1, max-image-preview:large, max-video-preview:-1\" \/>\n<link rel=\"canonical\" href=\"https:\/\/milagros.ch\/de\/vom-winde-verweht\/\" \/>\n<meta property=\"og:locale\" content=\"de_DE\" \/>\n<meta property=\"og:type\" content=\"article\" \/>\n<meta property=\"og:title\" content=\"Gone with the Wind\" \/>\n<meta property=\"og:description\" content=\"We had about three weeks time until we had to be in La Paz. So, we wanted to explore a few more anchorages on the Baja side.\" \/>\n<meta property=\"og:url\" content=\"https:\/\/milagros.ch\/de\/vom-winde-verweht\/\" \/>\n<meta property=\"og:site_name\" content=\"Milagros\" \/>\n<meta property=\"article:publisher\" content=\"https:\/\/www.facebook.com\/milagros.sailing\" \/>\n<meta property=\"article:published_time\" content=\"2023-02-18T17:18:00+00:00\" \/>\n<meta property=\"article:modified_time\" content=\"2023-02-18T18:42:00+00:00\" \/>\n<meta property=\"og:image\" content=\"https:\/\/milagros.ch\/wp-content\/uploads\/2023\/02\/punta-perico-going-ashore.jpg\" \/>\n\t<meta property=\"og:image:width\" content=\"1024\" \/>\n\t<meta property=\"og:image:height\" content=\"775\" \/>\n\t<meta property=\"og:image:type\" content=\"image\/jpeg\" \/>\n<meta name=\"author\" content=\"Patricia\" \/>\n<meta name=\"twitter:card\" content=\"summary_large_image\" \/>\n<meta name=\"twitter:label1\" content=\"Geschrieben von\" \/>\n\t<meta name=\"twitter:data1\" content=\"Patricia\" \/>\n\t<meta name=\"twitter:label2\" content=\"Gesch\u00e4tzte Lesezeit\" \/>\n\t<meta name=\"twitter:data2\" content=\"14 Minuten\" \/>\n<script type=\"application\/ld+json\" class=\"yoast-schema-graph\">{\"@context\":\"https:\/\/schema.org\",\"@graph\":[{\"@type\":\"Article\",\"@id\":\"https:\/\/milagros.ch\/gone-with-the-wind\/#article\",\"isPartOf\":{\"@id\":\"https:\/\/milagros.ch\/gone-with-the-wind\/\"},\"author\":{\"name\":\"Patricia\",\"@id\":\"https:\/\/milagros.ch\/#\/schema\/person\/bf6747fcb66e878e86c2169f4bf869af\"},\"headline\":\"Gone with the Wind\",\"datePublished\":\"2023-02-18T17:18:00+00:00\",\"dateModified\":\"2023-02-18T18:42:00+00:00\",\"mainEntityOfPage\":{\"@id\":\"https:\/\/milagros.ch\/gone-with-the-wind\/\"},\"wordCount\":1454,\"commentCount\":0,\"publisher\":{\"@id\":\"https:\/\/milagros.ch\/#organization\"},\"image\":{\"@id\":\"https:\/\/milagros.ch\/gone-with-the-wind\/#primaryimage\"},\"thumbnailUrl\":\"https:\/\/milagros.ch\/wp-content\/uploads\/2023\/02\/punta-perico-going-ashore.jpg\",\"keywords\":[\"Cruising Community\",\"Sea of Cortez\"],\"articleSection\":[\"Exploration\",\"Mexico\",\"Sailing\"],\"inLanguage\":\"de-CH\",\"potentialAction\":[{\"@type\":\"CommentAction\",\"name\":\"Comment\",\"target\":[\"https:\/\/milagros.ch\/gone-with-the-wind\/#respond\"]}]},{\"@type\":\"WebPage\",\"@id\":\"https:\/\/milagros.ch\/gone-with-the-wind\/\",\"url\":\"https:\/\/milagros.ch\/gone-with-the-wind\/\",\"name\":\"Gone with the Wind &#8226; Milagros &#8226; Sailing Blog\",\"isPartOf\":{\"@id\":\"https:\/\/milagros.ch\/#website\"},\"primaryImageOfPage\":{\"@id\":\"https:\/\/milagros.ch\/gone-with-the-wind\/#primaryimage\"},\"image\":{\"@id\":\"https:\/\/milagros.ch\/gone-with-the-wind\/#primaryimage\"},\"thumbnailUrl\":\"https:\/\/milagros.ch\/wp-content\/uploads\/2023\/02\/punta-perico-going-ashore.jpg\",\"datePublished\":\"2023-02-18T17:18:00+00:00\",\"dateModified\":\"2023-02-18T18:42:00+00:00\",\"breadcrumb\":{\"@id\":\"https:\/\/milagros.ch\/gone-with-the-wind\/#breadcrumb\"},\"inLanguage\":\"de-CH\",\"potentialAction\":[{\"@type\":\"ReadAction\",\"target\":[\"https:\/\/milagros.ch\/gone-with-the-wind\/\"]}]},{\"@type\":\"BreadcrumbList\",\"@id\":\"https:\/\/milagros.ch\/gone-with-the-wind\/#breadcrumb\",\"itemListElement\":[{\"@type\":\"ListItem\",\"position\":1,\"name\":\"Startseite\",\"item\":\"https:\/\/milagros.ch\/\"},{\"@type\":\"ListItem\",\"position\":2,\"name\":\"Gone with the Wind\"}]},{\"@type\":\"WebSite\",\"@id\":\"https:\/\/milagros.ch\/#website\",\"url\":\"https:\/\/milagros.ch\/\",\"name\":\"Milagros\",\"description\":\"Nice to meet you!\",\"publisher\":{\"@id\":\"https:\/\/milagros.ch\/#organization\"},\"potentialAction\":[{\"@type\":\"SearchAction\",\"target\":{\"@type\":\"EntryPoint\",\"urlTemplate\":\"https:\/\/milagros.ch\/?s={search_term_string}\"},\"query-input\":{\"@type\":\"PropertyValueSpecification\",\"valueRequired\":true,\"valueName\":\"search_term_string\"}}],\"inLanguage\":\"de-CH\"},{\"@type\":\"Organization\",\"@id\":\"https:\/\/milagros.ch\/#organization\",\"name\":\"Milagros Sailing\",\"url\":\"https:\/\/milagros.ch\/\",\"logo\":{\"@type\":\"ImageObject\",\"inLanguage\":\"de-CH\",\"@id\":\"https:\/\/milagros.ch\/#\/schema\/logo\/image\/\",\"url\":\"https:\/\/milagros.ch\/wp-content\/uploads\/2021\/02\/Milagros_black.jpg\",\"contentUrl\":\"https:\/\/milagros.ch\/wp-content\/uploads\/2021\/02\/Milagros_black.jpg\",\"width\":512,\"height\":512,\"caption\":\"Milagros Sailing\"},\"image\":{\"@id\":\"https:\/\/milagros.ch\/#\/schema\/logo\/image\/\"},\"sameAs\":[\"https:\/\/www.facebook.com\/milagros.sailing\",\"https:\/\/www.instagram.com\/milagros_sailing\/\",\"https:\/\/www.linkedin.com\/company\/milagros-sailing\"]},{\"@type\":\"Person\",\"@id\":\"https:\/\/milagros.ch\/#\/schema\/person\/bf6747fcb66e878e86c2169f4bf869af\",\"name\":\"Patricia\",\"image\":{\"@type\":\"ImageObject\",\"inLanguage\":\"de-CH\",\"@id\":\"https:\/\/milagros.ch\/#\/schema\/person\/image\/\",\"url\":\"https:\/\/secure.gravatar.com\/avatar\/8642c08f46e95a6c774a41afa7f1b2c1?s=96&d=retro&r=g\",\"contentUrl\":\"https:\/\/secure.gravatar.com\/avatar\/8642c08f46e95a6c774a41afa7f1b2c1?s=96&d=retro&r=g\",\"caption\":\"Patricia\"},\"url\":\"https:\/\/milagros.ch\/de\/author\/patriciabueeler\/\"}]}<\/script>\n<!-- \/ Yoast SEO Premium plugin. -->","yoast_head_json":{"title":"Gone with the Wind &#8226; Milagros &#8226; Sailing Blog","robots":{"index":"index","follow":"follow","max-snippet":"max-snippet:-1","max-image-preview":"max-image-preview:large","max-video-preview":"max-video-preview:-1"},"canonical":"https:\/\/milagros.ch\/de\/vom-winde-verweht\/","og_locale":"de_DE","og_type":"article","og_title":"Gone with the Wind","og_description":"We had about three weeks time until we had to be in La Paz. So, we wanted to explore a few more anchorages on the Baja side.","og_url":"https:\/\/milagros.ch\/de\/vom-winde-verweht\/","og_site_name":"Milagros","article_publisher":"https:\/\/www.facebook.com\/milagros.sailing","article_published_time":"2023-02-18T17:18:00+00:00","article_modified_time":"2023-02-18T18:42:00+00:00","og_image":[{"width":1024,"height":775,"url":"https:\/\/milagros.ch\/wp-content\/uploads\/2023\/02\/punta-perico-going-ashore.jpg","type":"image\/jpeg"}],"author":"Patricia","twitter_card":"summary_large_image","twitter_misc":{"Geschrieben von":"Patricia","Gesch\u00e4tzte Lesezeit":"14 Minuten"},"schema":{"@context":"https:\/\/schema.org","@graph":[{"@type":"Article","@id":"https:\/\/milagros.ch\/gone-with-the-wind\/#article","isPartOf":{"@id":"https:\/\/milagros.ch\/gone-with-the-wind\/"},"author":{"name":"Patricia","@id":"https:\/\/milagros.ch\/#\/schema\/person\/bf6747fcb66e878e86c2169f4bf869af"},"headline":"Gone with the Wind","datePublished":"2023-02-18T17:18:00+00:00","dateModified":"2023-02-18T18:42:00+00:00","mainEntityOfPage":{"@id":"https:\/\/milagros.ch\/gone-with-the-wind\/"},"wordCount":1454,"commentCount":0,"publisher":{"@id":"https:\/\/milagros.ch\/#organization"},"image":{"@id":"https:\/\/milagros.ch\/gone-with-the-wind\/#primaryimage"},"thumbnailUrl":"https:\/\/milagros.ch\/wp-content\/uploads\/2023\/02\/punta-perico-going-ashore.jpg","keywords":["Cruising Community","Sea of Cortez"],"articleSection":["Exploration","Mexico","Sailing"],"inLanguage":"de-CH","potentialAction":[{"@type":"CommentAction","name":"Comment","target":["https:\/\/milagros.ch\/gone-with-the-wind\/#respond"]}]},{"@type":"WebPage","@id":"https:\/\/milagros.ch\/gone-with-the-wind\/","url":"https:\/\/milagros.ch\/gone-with-the-wind\/","name":"Gone with the Wind &#8226; Milagros &#8226; Sailing Blog","isPartOf":{"@id":"https:\/\/milagros.ch\/#website"},"primaryImageOfPage":{"@id":"https:\/\/milagros.ch\/gone-with-the-wind\/#primaryimage"},"image":{"@id":"https:\/\/milagros.ch\/gone-with-the-wind\/#primaryimage"},"thumbnailUrl":"https:\/\/milagros.ch\/wp-content\/uploads\/2023\/02\/punta-perico-going-ashore.jpg","datePublished":"2023-02-18T17:18:00+00:00","dateModified":"2023-02-18T18:42:00+00:00","breadcrumb":{"@id":"https:\/\/milagros.ch\/gone-with-the-wind\/#breadcrumb"},"inLanguage":"de-CH","potentialAction":[{"@type":"ReadAction","target":["https:\/\/milagros.ch\/gone-with-the-wind\/"]}]},{"@type":"BreadcrumbList","@id":"https:\/\/milagros.ch\/gone-with-the-wind\/#breadcrumb","itemListElement":[{"@type":"ListItem","position":1,"name":"Startseite","item":"https:\/\/milagros.ch\/"},{"@type":"ListItem","position":2,"name":"Gone with the Wind"}]},{"@type":"WebSite","@id":"https:\/\/milagros.ch\/#website","url":"https:\/\/milagros.ch\/","name":"Milagros","description":"Sch\u00f6n dich kennen zu lernen!","publisher":{"@id":"https:\/\/milagros.ch\/#organization"},"potentialAction":[{"@type":"SearchAction","target":{"@type":"EntryPoint","urlTemplate":"https:\/\/milagros.ch\/?s={search_term_string}"},"query-input":{"@type":"PropertyValueSpecification","valueRequired":true,"valueName":"search_term_string"}}],"inLanguage":"de-CH"},{"@type":"Organization","@id":"https:\/\/milagros.ch\/#organization","name":"Milagros Sailing","url":"https:\/\/milagros.ch\/","logo":{"@type":"ImageObject","inLanguage":"de-CH","@id":"https:\/\/milagros.ch\/#\/schema\/logo\/image\/","url":"https:\/\/milagros.ch\/wp-content\/uploads\/2021\/02\/Milagros_black.jpg","contentUrl":"https:\/\/milagros.ch\/wp-content\/uploads\/2021\/02\/Milagros_black.jpg","width":512,"height":512,"caption":"Milagros Sailing"},"image":{"@id":"https:\/\/milagros.ch\/#\/schema\/logo\/image\/"},"sameAs":["https:\/\/www.facebook.com\/milagros.sailing","https:\/\/www.instagram.com\/milagros_sailing\/","https:\/\/www.linkedin.com\/company\/milagros-sailing"]},{"@type":"Person","@id":"https:\/\/milagros.ch\/#\/schema\/person\/bf6747fcb66e878e86c2169f4bf869af","name":"Patricia","image":{"@type":"ImageObject","inLanguage":"de-CH","@id":"https:\/\/milagros.ch\/#\/schema\/person\/image\/","url":"https:\/\/secure.gravatar.com\/avatar\/8642c08f46e95a6c774a41afa7f1b2c1?s=96&d=retro&r=g","contentUrl":"https:\/\/secure.gravatar.com\/avatar\/8642c08f46e95a6c774a41afa7f1b2c1?s=96&d=retro&r=g","caption":"Patricia"},"url":"https:\/\/milagros.ch\/de\/author\/patriciabueeler\/"}]}},"_links":{"self":[{"href":"https:\/\/milagros.ch\/de\/wp-json\/wp\/v2\/posts\/15213"}],"collection":[{"href":"https:\/\/milagros.ch\/de\/wp-json\/wp\/v2\/posts"}],"about":[{"href":"https:\/\/milagros.ch\/de\/wp-json\/wp\/v2\/types\/post"}],"author":[{"embeddable":true,"href":"https:\/\/milagros.ch\/de\/wp-json\/wp\/v2\/users\/3"}],"replies":[{"embeddable":true,"href":"https:\/\/milagros.ch\/de\/wp-json\/wp\/v2\/comments?post=15213"}],"version-history":[{"count":3,"href":"https:\/\/milagros.ch\/de\/wp-json\/wp\/v2\/posts\/15213\/revisions"}],"predecessor-version":[{"id":15251,"href":"https:\/\/milagros.ch\/de\/wp-json\/wp\/v2\/posts\/15213\/revisions\/15251"}],"wp:featuredmedia":[{"embeddable":true,"href":"https:\/\/milagros.ch\/de\/wp-json\/wp\/v2\/media\/15236"}],"wp:attachment":[{"href":"https:\/\/milagros.ch\/de\/wp-json\/wp\/v2\/media?parent=15213"}],"wp:term":[{"taxonomy":"category","embeddable":true,"href":"https:\/\/milagros.ch\/de\/wp-json\/wp\/v2\/categories?post=15213"},{"taxonomy":"post_tag","embeddable":true,"href":"https:\/\/milagros.ch\/de\/wp-json\/wp\/v2\/tags?post=15213"}],"curies":[{"name":"wp","href":"https:\/\/api.w.org\/{rel}","templated":true}]}}