{"id":11987,"date":"2021-04-09T19:56:04","date_gmt":"2021-04-09T17:56:04","guid":{"rendered":"https:\/\/milagros.ch\/?p=11987"},"modified":"2021-08-04T14:58:56","modified_gmt":"2021-08-04T12:58:56","slug":"the-silence-of-the-desert","status":"publish","type":"post","link":"https:\/\/milagros.ch\/de\/the-silence-of-the-desert\/","title":{"rendered":"Die Stille der W\u00fcste"},"content":{"rendered":"<p class=\"has-text-align-center\"><em>Milagros steht in unserer Ecke des Boatyards und ist mit ihrer auff\u00e4llig gescheckten H\u00fclle ein Blickfang. Seit nun mehr 6 Wochen ist sie komplett nackig und es scheint sich von Weitem betrachtet nicht viel ver\u00e4ndert zu haben. Doch obwohl es nicht so aussieht und es sich in keinerlei Weise so anf\u00fchlt, machen wir Fortschritte. Und wir besuchen die D\u00fcnen im UNESCO-Weltnaturerbe Biosph\u00e4renreservat \"El Pinacate y Gran Desierto de Altar\".<\/em><\/p>\n\n\n\n<figure class=\"wp-block-image size-large\"><img loading=\"lazy\" decoding=\"async\" width=\"1024\" height=\"400\" src=\"https:\/\/milagros.ch\/wp-content\/uploads\/2021\/04\/title.jpg\" alt=\"\" class=\"wp-image-12014\" srcset=\"https:\/\/milagros.ch\/wp-content\/uploads\/2021\/04\/title.jpg 1024w, https:\/\/milagros.ch\/wp-content\/uploads\/2021\/04\/title-300x117.jpg 300w, https:\/\/milagros.ch\/wp-content\/uploads\/2021\/04\/title-768x300.jpg 768w, https:\/\/milagros.ch\/wp-content\/uploads\/2021\/04\/title-16x6.jpg 16w\" sizes=\"(max-width: 1024px) 100vw, 1024px\" \/><figcaption><em>Wir haben es geschafft \u2013 Foto von Marla<\/em><\/figcaption><\/figure>\n\n\n\n<h2 class=\"wp-block-heading\" id=\"h-the-blisters-are-history\">Die Blister sind Geschichte<\/h2>\n\n\n\n<p>Wir haben zahlreiche Bohrl\u00f6cher mit verdicktem Epoxidharz gef\u00fcllt und <a href=\"https:\/\/milagros.ch\/de\/vom-pech-verfolgt\/\" target=\"_blank\" rel=\"noreferrer noopener\">unz\u00e4hlige Osmoseblasen angeschliffen und geglast<\/a>. In kleinsten Rondellen und m\u00fchseliger Kleinstarbeit haben wir rund 8 Quadratmeter Fiberglasstoff am Unterwasserschiff verbaut. Der 26. M\u00e4rz war deshalb ein richtiger Freudentag, denn nach z\u00e4hen 3 Wochen quasi nicht enden wollenden Fiberglasens konnten wir endlich einen Strich darunterziehen. Wir hatten fertiiiiiiig! Also, nun ja, die Osmoseblasen hatten wir fertig geglast. Damit wir mit dem Spachteln beginnen k\u00f6nnen, m\u00fcssen die nicht mehr gebrauchten Borddurchl\u00e4sse geschlossen und die Naht entlang der H\u00fclle verst\u00e4rkt werden.<\/p>\n\n\n\n<h2 class=\"wp-block-heading\" id=\"h-reinforcement-of-the-seam\">Verst\u00e4rkung der Naht<\/h2>\n\n\n\n<p>Beim Bau vor 43 Jahren wurden die beiden Schiffsh\u00e4lften von innen mit Fiberglas miteinander verbunden, aber von aussen nur zusammengekittet. Der Kitt in dieser Naht ist mittlerweile etwas in die Jahre gekommen und deshalb br\u00fcchig. Um dort das Eindringen von Wasser zu verhindern, f\u00fcllten wir die Risse mit verdicktem flexiblem Epoxidharz. Danach verst\u00e4rkten wir die Naht mit zwei verschieden breiten Streifen Fiberglas \u2013 auf Anraten von Marga einmal 5 cm und einmal 10 cm breit. Eigentlich wollten wir die beiden Lagen aus unserem 7 \u00bd oz Stoff selbst zuschneiden. Nachdem wir die L\u00e4nge der Naht gemessen hatten, stellten wir fest, dass der Stoff nicht reichen w\u00fcrde. H\u00e4ndler Cavu Dave hatte zum Gl\u00fcck eine 10 Meter Rolle von 10cm breitem Fiberglasband im Angebot. Gesagt, getan oder gekauft, geglast.<\/p>\n\n\n\n<figure class=\"wp-block-gallery columns-2 is-cropped wp-block-gallery-1 is-layout-flex wp-block-gallery-is-layout-flex\"><ul class=\"blocks-gallery-grid\"><li class=\"blocks-gallery-item\"><figure><img loading=\"lazy\" decoding=\"async\" width=\"768\" height=\"1024\" src=\"https:\/\/milagros.ch\/wp-content\/uploads\/2021\/04\/the-cracked-seam.jpg\" alt=\"\" data-id=\"12006\" data-full-url=\"https:\/\/milagros.ch\/wp-content\/uploads\/2021\/04\/the-cracked-seam.jpg\" data-link=\"https:\/\/milagros.ch\/the-cracked-seam\/\" class=\"wp-image-12006\" srcset=\"https:\/\/milagros.ch\/wp-content\/uploads\/2021\/04\/the-cracked-seam.jpg 768w, https:\/\/milagros.ch\/wp-content\/uploads\/2021\/04\/the-cracked-seam-225x300.jpg 225w, https:\/\/milagros.ch\/wp-content\/uploads\/2021\/04\/the-cracked-seam-9x12.jpg 9w\" sizes=\"(max-width: 768px) 100vw, 768px\" \/><figcaption class=\"blocks-gallery-item__caption\">Die Risse in der Naht<\/figcaption><\/figure><\/li><li class=\"blocks-gallery-item\"><figure><img loading=\"lazy\" decoding=\"async\" width=\"768\" height=\"1024\" src=\"https:\/\/milagros.ch\/wp-content\/uploads\/2021\/04\/cutting-the-fiberglass-cloth.jpg\" alt=\"\" data-id=\"11990\" data-full-url=\"https:\/\/milagros.ch\/wp-content\/uploads\/2021\/04\/cutting-the-fiberglass-cloth.jpg\" data-link=\"https:\/\/milagros.ch\/cutting-the-fiberglass-cloth\/\" class=\"wp-image-11990\" srcset=\"https:\/\/milagros.ch\/wp-content\/uploads\/2021\/04\/cutting-the-fiberglass-cloth.jpg 768w, https:\/\/milagros.ch\/wp-content\/uploads\/2021\/04\/cutting-the-fiberglass-cloth-225x300.jpg 225w, https:\/\/milagros.ch\/wp-content\/uploads\/2021\/04\/cutting-the-fiberglass-cloth-9x12.jpg 9w\" sizes=\"(max-width: 768px) 100vw, 768px\" \/><figcaption class=\"blocks-gallery-item__caption\">Schneiden der Streifen<\/figcaption><\/figure><\/li><li class=\"blocks-gallery-item\"><figure><img loading=\"lazy\" decoding=\"async\" width=\"768\" height=\"1024\" src=\"https:\/\/milagros.ch\/wp-content\/uploads\/2021\/04\/dave-glassing-the-seam.jpg\" alt=\"\" data-id=\"11991\" data-full-url=\"https:\/\/milagros.ch\/wp-content\/uploads\/2021\/04\/dave-glassing-the-seam.jpg\" data-link=\"https:\/\/milagros.ch\/dave-glassing-the-seam\/\" class=\"wp-image-11991\" srcset=\"https:\/\/milagros.ch\/wp-content\/uploads\/2021\/04\/dave-glassing-the-seam.jpg 768w, https:\/\/milagros.ch\/wp-content\/uploads\/2021\/04\/dave-glassing-the-seam-225x300.jpg 225w, https:\/\/milagros.ch\/wp-content\/uploads\/2021\/04\/dave-glassing-the-seam-9x12.jpg 9w\" sizes=\"(max-width: 768px) 100vw, 768px\" \/><figcaption class=\"blocks-gallery-item__caption\">Fiberglasen der Naht<\/figcaption><\/figure><\/li><li class=\"blocks-gallery-item\"><figure><img loading=\"lazy\" decoding=\"async\" width=\"768\" height=\"1024\" src=\"https:\/\/milagros.ch\/wp-content\/uploads\/2021\/04\/the-glassed-seam.jpg\" alt=\"\" data-id=\"12007\" data-full-url=\"https:\/\/milagros.ch\/wp-content\/uploads\/2021\/04\/the-glassed-seam.jpg\" data-link=\"https:\/\/milagros.ch\/the-glassed-seam\/\" class=\"wp-image-12007\" srcset=\"https:\/\/milagros.ch\/wp-content\/uploads\/2021\/04\/the-glassed-seam.jpg 768w, https:\/\/milagros.ch\/wp-content\/uploads\/2021\/04\/the-glassed-seam-225x300.jpg 225w, https:\/\/milagros.ch\/wp-content\/uploads\/2021\/04\/the-glassed-seam-9x12.jpg 9w\" sizes=\"(max-width: 768px) 100vw, 768px\" \/><figcaption class=\"blocks-gallery-item__caption\">Das Ergebnis<\/figcaption><\/figure><\/li><\/ul><\/figure>\n\n\n\n<h2 class=\"wp-block-heading\" id=\"h-can-you-do-it-alone\">Geht das auch alleine?<\/h2>\n\n\n\n<p>Ich habe mich an einem Tag f\u00fcr ein paar Stunden alleine an die Naht gewagt, da Dave einen wichtigen Termin hatte. Er war mit seinen Kumpels aus der Schweiz zum online gamen verabredet. Das Glasen selbst erforderte etwas Vorbereitung und Koordination, da wir hier mit drei verschiedenen Epoxiden hantierten. Zu zweit geht das ziemlich gut, denn die Schwierigkeit besteht darin, immer gen\u00fcgend, aber nicht zu viel, vom richtigen Epoxid zur Hand zu haben.<\/p>\n\n\n\n<h2 class=\"wp-block-heading\" id=\"h-a-bit-sticky\">Ein bisschen klebrig<\/h2>\n\n\n\n<p>Ich w\u00fcrde sagen, dass meine geglaste Naht ganz passabel ist. Aber: alles war danach klebrig \u2013 also wirklich alles, jedes einzelne Utensil. Denn um beispielsweise den 1m langen Streifen anzubringen, muss man ihn mit den Fingern andr\u00fccken. Das bedeutet Epoxid an den Handschuhen und danach \u00fcberall. Weil es gewindet hat, ist nat\u00fcrlich auch der Becher mit Epoxidharz umgekippt und somit wurde der Pinselgriff epoxiert, und so weiter. Ich denke, du kannst dir etwa vorstellen, wie es war. Vielleicht wie Backen mit kleinen Kindern.<\/p>\n\n\n\n<h2 class=\"wp-block-heading\" id=\"h-we-are-proud-of-the-result\">Wir sind stolz auf das Ergebnis<\/h2>\n\n\n\n<p>Die verst\u00e4rkten N\u00e4hte konnten sich sehen lassen und wir klopften uns auf die Schultern. Gut gemacht Dave, gut gemacht Pati. Tap tap tap tap. Die drei Wochen \u00dcbung zuvor zahlten sich aus und auch Instruktor Cavu Dave war zufrieden. Es war gut, wieder einmal ein Erfolgserlebnis zu haben. Aber der Frust lauerte bereits hinter der n\u00e4chsten Ecke.<\/p>\n\n\n\n<h2 class=\"wp-block-heading\" id=\"h-thru-hull-repair\">Verschliessung der Borddurchl\u00e4sse<\/h2>\n\n\n\n<p>Als n\u00e4chstes waren unsere Borddurchl\u00e4sse dran. Wir haben uns \u00fcber m\u00f6gliche Varianten zu deren Verschliessung schlau gemacht und mit ein paar Cruisern hier besprochen. Der Entscheid fiel auf eine Variante, bei der wir einen Pfropfen verwendeten, der etwa die H\u00e4lfte der H\u00fcllendicke ausf\u00fcllte. Der Pfropfen sollte aus einem geeigneten Material bestehen. Das kann zum Beispiel G10, ein Hockdruck-Epoxidharzlaminat oder COOSA, ein beidseitig mit Fiberglas verst\u00e4rkter Polyurethanschaum, sein. Auf dem Boot haben wir etwas gefunden, das wie G10 aussah. Perfekt.<\/p>\n\n\n\n<h2 class=\"wp-block-heading\" id=\"h-dent-theory\">Dellentheorie<\/h2>\n\n\n\n<p>Wenn der Pfropfen befestigt ist, werden von innen drei Schichten von 1708 Fiberglas verlegt. Nach 24 Stunden, wenn das Epoxid ausgeh\u00e4rtet ist, wird von aussen in einem Verh\u00e4ltnis von 12:1 zur restlichen H\u00fcllendicke eine Delle ausgeschliffen. Diese wird danach mit einigen Lagen 1708 Fiberglas aufgef\u00fcllt, bis die H\u00fcllendicke wiederaufgebaut ist. Konkret: Wenn die H\u00fclle 2 cm dick ist und ein Pfropfen mit 1 cm Dicke eingesetzt wird, dann bleibt 1 cm der H\u00fcllendicke \u00fcbrig. Vom Lochrand aus werden dann 12 cm zur\u00fcckgeschliffen, was bei einem Lochdurchmesser von 5 cm zu einer Delle mit einem Durchmesser von 29 cm f\u00fchrt.<\/p>\n\n\n\n<figure class=\"wp-block-image size-large\"><img loading=\"lazy\" decoding=\"async\" width=\"1024\" height=\"768\" src=\"https:\/\/milagros.ch\/wp-content\/uploads\/2021\/04\/closing-thru-hulls.jpg\" alt=\"\" class=\"wp-image-11989\" srcset=\"https:\/\/milagros.ch\/wp-content\/uploads\/2021\/04\/closing-thru-hulls.jpg 1024w, https:\/\/milagros.ch\/wp-content\/uploads\/2021\/04\/closing-thru-hulls-300x225.jpg 300w, https:\/\/milagros.ch\/wp-content\/uploads\/2021\/04\/closing-thru-hulls-768x576.jpg 768w, https:\/\/milagros.ch\/wp-content\/uploads\/2021\/04\/closing-thru-hulls-16x12.jpg 16w\" sizes=\"(max-width: 1024px) 100vw, 1024px\" \/><figcaption>Wie wir unsere Borddurchl\u00e4sse schliessen wollten<\/figcaption><\/figure>\n\n\n\n<h2 class=\"wp-block-heading\" id=\"h-preparation-for-work\">Vorbereitung der Arbeit<\/h2>\n\n\n\n<p>Wir haben alle zu verschliessenden L\u00f6cher nummeriert, vermessen und mit einer Lochs\u00e4ge die entsprechenden Pfropfen vorbereitet. Zudem haben wir in und um jedes einzelne Loch etwaige R\u00fcckst\u00e4nde des Dichtungsmaterials der alten Borddurchl\u00e4sse entfernt, alle angeschliffen und mit Aceton gereinigt. Die Pfropfen wurden ebenfalls angeschliffen und mit Aceton gereinigt.<\/p>\n\n\n\n<figure class=\"wp-block-gallery columns-2 is-cropped wp-block-gallery-2 is-layout-flex wp-block-gallery-is-layout-flex\"><ul class=\"blocks-gallery-grid\"><li class=\"blocks-gallery-item\"><figure><img loading=\"lazy\" decoding=\"async\" width=\"768\" height=\"1024\" src=\"https:\/\/milagros.ch\/wp-content\/uploads\/2021\/04\/preparing-the-plugs.jpg\" alt=\"\" data-id=\"12001\" data-full-url=\"https:\/\/milagros.ch\/wp-content\/uploads\/2021\/04\/preparing-the-plugs.jpg\" data-link=\"https:\/\/milagros.ch\/preparing-the-plugs\/\" class=\"wp-image-12001\" srcset=\"https:\/\/milagros.ch\/wp-content\/uploads\/2021\/04\/preparing-the-plugs.jpg 768w, https:\/\/milagros.ch\/wp-content\/uploads\/2021\/04\/preparing-the-plugs-225x300.jpg 225w, https:\/\/milagros.ch\/wp-content\/uploads\/2021\/04\/preparing-the-plugs-9x12.jpg 9w\" sizes=\"(max-width: 768px) 100vw, 768px\" \/><\/figure><\/li><li class=\"blocks-gallery-item\"><figure><img loading=\"lazy\" decoding=\"async\" width=\"768\" height=\"1024\" src=\"https:\/\/milagros.ch\/wp-content\/uploads\/2021\/04\/plug-fitting.jpg\" alt=\"\" data-id=\"11996\" data-full-url=\"https:\/\/milagros.ch\/wp-content\/uploads\/2021\/04\/plug-fitting.jpg\" data-link=\"https:\/\/milagros.ch\/plug-fitting\/\" class=\"wp-image-11996\" srcset=\"https:\/\/milagros.ch\/wp-content\/uploads\/2021\/04\/plug-fitting.jpg 768w, https:\/\/milagros.ch\/wp-content\/uploads\/2021\/04\/plug-fitting-225x300.jpg 225w, https:\/\/milagros.ch\/wp-content\/uploads\/2021\/04\/plug-fitting-9x12.jpg 9w\" sizes=\"(max-width: 768px) 100vw, 768px\" \/><figcaption class=\"blocks-gallery-item__caption\">Passt der Pfropfen?<\/figcaption><\/figure><\/li><li class=\"blocks-gallery-item\"><figure><img loading=\"lazy\" decoding=\"async\" width=\"768\" height=\"1024\" src=\"https:\/\/milagros.ch\/wp-content\/uploads\/2021\/04\/preparing-the-fiberglass.jpg\" alt=\"\" data-id=\"12000\" data-full-url=\"https:\/\/milagros.ch\/wp-content\/uploads\/2021\/04\/preparing-the-fiberglass.jpg\" data-link=\"https:\/\/milagros.ch\/preparing-the-fiberglass\/\" class=\"wp-image-12000\" srcset=\"https:\/\/milagros.ch\/wp-content\/uploads\/2021\/04\/preparing-the-fiberglass.jpg 768w, https:\/\/milagros.ch\/wp-content\/uploads\/2021\/04\/preparing-the-fiberglass-225x300.jpg 225w, https:\/\/milagros.ch\/wp-content\/uploads\/2021\/04\/preparing-the-fiberglass-9x12.jpg 9w\" sizes=\"(max-width: 768px) 100vw, 768px\" \/><\/figure><\/li><li class=\"blocks-gallery-item\"><figure><img loading=\"lazy\" decoding=\"async\" width=\"768\" height=\"1024\" src=\"https:\/\/milagros.ch\/wp-content\/uploads\/2021\/04\/plugs-ready-to-be-epoxied.jpg\" alt=\"\" data-id=\"11998\" data-full-url=\"https:\/\/milagros.ch\/wp-content\/uploads\/2021\/04\/plugs-ready-to-be-epoxied.jpg\" data-link=\"https:\/\/milagros.ch\/plugs-ready-to-be-epoxied\/\" class=\"wp-image-11998\" srcset=\"https:\/\/milagros.ch\/wp-content\/uploads\/2021\/04\/plugs-ready-to-be-epoxied.jpg 768w, https:\/\/milagros.ch\/wp-content\/uploads\/2021\/04\/plugs-ready-to-be-epoxied-225x300.jpg 225w, https:\/\/milagros.ch\/wp-content\/uploads\/2021\/04\/plugs-ready-to-be-epoxied-9x12.jpg 9w\" sizes=\"(max-width: 768px) 100vw, 768px\" \/><\/figure><\/li><li class=\"blocks-gallery-item\"><figure><img loading=\"lazy\" decoding=\"async\" width=\"1024\" height=\"768\" src=\"https:\/\/milagros.ch\/wp-content\/uploads\/2021\/04\/grinding-in-the-engine-room.jpg\" alt=\"\" data-id=\"11994\" data-full-url=\"https:\/\/milagros.ch\/wp-content\/uploads\/2021\/04\/grinding-in-the-engine-room.jpg\" data-link=\"https:\/\/milagros.ch\/grinding-in-the-engine-room\/\" class=\"wp-image-11994\" srcset=\"https:\/\/milagros.ch\/wp-content\/uploads\/2021\/04\/grinding-in-the-engine-room.jpg 1024w, https:\/\/milagros.ch\/wp-content\/uploads\/2021\/04\/grinding-in-the-engine-room-300x225.jpg 300w, https:\/\/milagros.ch\/wp-content\/uploads\/2021\/04\/grinding-in-the-engine-room-768x576.jpg 768w, https:\/\/milagros.ch\/wp-content\/uploads\/2021\/04\/grinding-in-the-engine-room-16x12.jpg 16w\" sizes=\"(max-width: 1024px) 100vw, 1024px\" \/><figcaption class=\"blocks-gallery-item__caption\">M\u00fchsames Schleifen im Motorenraum<\/figcaption><\/figure><\/li><\/ul><\/figure>\n\n\n\n<h2 class=\"wp-block-heading\" id=\"h-for-once-no-complications\">F\u00fcr einmal keine Komplikationen<\/h2>\n\n\n\n<p>Wir haben uns dazu entschlossen, die Pfropfen mit verdicktem Epoxidharz in den L\u00f6chern zu befestigen, und danach von innen direkt die drei Schichten zu glasen. Auch wollten wir nicht alle L\u00f6cher am gleichen Tag schliessen, sondern erstmal nur vier, falls wir etwas falsch machten. Dave hat aussen die Rolle als Epoxidmischer und Pfropfeneinsetzer \u00fcbernommen, und ich innen die der Glaserin. Am Ende des Tages betrachteten wir zufrieden unser Ergebnis und beschlossen, gleich die anderen Pfropfen auch noch einzusetzen. <\/p>\n\n\n\n<figure class=\"wp-block-gallery columns-3 is-cropped wp-block-gallery-3 is-layout-flex wp-block-gallery-is-layout-flex\"><ul class=\"blocks-gallery-grid\"><li class=\"blocks-gallery-item\"><figure><img loading=\"lazy\" decoding=\"async\" width=\"768\" height=\"1024\" src=\"https:\/\/milagros.ch\/wp-content\/uploads\/2021\/04\/the-taped-thru-hull.jpg\" alt=\"\" data-id=\"12009\" data-full-url=\"https:\/\/milagros.ch\/wp-content\/uploads\/2021\/04\/the-taped-thru-hull.jpg\" data-link=\"https:\/\/milagros.ch\/the-taped-thru-hull\/\" class=\"wp-image-12009\" srcset=\"https:\/\/milagros.ch\/wp-content\/uploads\/2021\/04\/the-taped-thru-hull.jpg 768w, https:\/\/milagros.ch\/wp-content\/uploads\/2021\/04\/the-taped-thru-hull-225x300.jpg 225w, https:\/\/milagros.ch\/wp-content\/uploads\/2021\/04\/the-taped-thru-hull-9x12.jpg 9w\" sizes=\"(max-width: 768px) 100vw, 768px\" \/><figcaption class=\"blocks-gallery-item__caption\">Zugeklebtes Loch innen<\/figcaption><\/figure><\/li><li class=\"blocks-gallery-item\"><figure><img loading=\"lazy\" decoding=\"async\" width=\"768\" height=\"1024\" src=\"https:\/\/milagros.ch\/wp-content\/uploads\/2021\/04\/thickened-epoxy-on-the-plug.jpg\" alt=\"\" data-id=\"12013\" data-full-url=\"https:\/\/milagros.ch\/wp-content\/uploads\/2021\/04\/thickened-epoxy-on-the-plug.jpg\" data-link=\"https:\/\/milagros.ch\/thickened-epoxy-on-the-plug\/\" class=\"wp-image-12013\" srcset=\"https:\/\/milagros.ch\/wp-content\/uploads\/2021\/04\/thickened-epoxy-on-the-plug.jpg 768w, https:\/\/milagros.ch\/wp-content\/uploads\/2021\/04\/thickened-epoxy-on-the-plug-225x300.jpg 225w, https:\/\/milagros.ch\/wp-content\/uploads\/2021\/04\/thickened-epoxy-on-the-plug-9x12.jpg 9w\" sizes=\"(max-width: 768px) 100vw, 768px\" \/><\/figure><\/li><li class=\"blocks-gallery-item\"><figure><img loading=\"lazy\" decoding=\"async\" width=\"768\" height=\"1024\" src=\"https:\/\/milagros.ch\/wp-content\/uploads\/2021\/04\/plugs-ready-to-be-glassed.jpg\" alt=\"\" data-id=\"11999\" data-full-url=\"https:\/\/milagros.ch\/wp-content\/uploads\/2021\/04\/plugs-ready-to-be-glassed.jpg\" data-link=\"https:\/\/milagros.ch\/plugs-ready-to-be-glassed\/\" class=\"wp-image-11999\" srcset=\"https:\/\/milagros.ch\/wp-content\/uploads\/2021\/04\/plugs-ready-to-be-glassed.jpg 768w, https:\/\/milagros.ch\/wp-content\/uploads\/2021\/04\/plugs-ready-to-be-glassed-225x300.jpg 225w, https:\/\/milagros.ch\/wp-content\/uploads\/2021\/04\/plugs-ready-to-be-glassed-9x12.jpg 9w\" sizes=\"(max-width: 768px) 100vw, 768px\" \/><\/figure><\/li><li class=\"blocks-gallery-item\"><figure><img loading=\"lazy\" decoding=\"async\" width=\"768\" height=\"1024\" src=\"https:\/\/milagros.ch\/wp-content\/uploads\/2021\/04\/the-thru-hull-is-being-plugged.jpg\" alt=\"\" data-id=\"12010\" data-full-url=\"https:\/\/milagros.ch\/wp-content\/uploads\/2021\/04\/the-thru-hull-is-being-plugged.jpg\" data-link=\"https:\/\/milagros.ch\/the-thru-hull-is-being-plugged\/\" class=\"wp-image-12010\" srcset=\"https:\/\/milagros.ch\/wp-content\/uploads\/2021\/04\/the-thru-hull-is-being-plugged.jpg 768w, https:\/\/milagros.ch\/wp-content\/uploads\/2021\/04\/the-thru-hull-is-being-plugged-225x300.jpg 225w, https:\/\/milagros.ch\/wp-content\/uploads\/2021\/04\/the-thru-hull-is-being-plugged-9x12.jpg 9w\" sizes=\"(max-width: 768px) 100vw, 768px\" \/><\/figure><\/li><li class=\"blocks-gallery-item\"><figure><img loading=\"lazy\" decoding=\"async\" width=\"1024\" height=\"768\" src=\"https:\/\/milagros.ch\/wp-content\/uploads\/2021\/04\/the-plugged-thru-hulls.jpg\" alt=\"\" data-id=\"12008\" data-full-url=\"https:\/\/milagros.ch\/wp-content\/uploads\/2021\/04\/the-plugged-thru-hulls.jpg\" data-link=\"https:\/\/milagros.ch\/the-plugged-thru-hulls\/\" class=\"wp-image-12008\" srcset=\"https:\/\/milagros.ch\/wp-content\/uploads\/2021\/04\/the-plugged-thru-hulls.jpg 1024w, https:\/\/milagros.ch\/wp-content\/uploads\/2021\/04\/the-plugged-thru-hulls-300x225.jpg 300w, https:\/\/milagros.ch\/wp-content\/uploads\/2021\/04\/the-plugged-thru-hulls-768x576.jpg 768w, https:\/\/milagros.ch\/wp-content\/uploads\/2021\/04\/the-plugged-thru-hulls-16x12.jpg 16w\" sizes=\"(max-width: 1024px) 100vw, 1024px\" \/><\/figure><\/li><li class=\"blocks-gallery-item\"><figure><img loading=\"lazy\" decoding=\"async\" width=\"768\" height=\"1024\" src=\"https:\/\/milagros.ch\/wp-content\/uploads\/2021\/04\/the-closed-thru-hulls-on-the-inside.jpg\" alt=\"\" data-id=\"12005\" data-full-url=\"https:\/\/milagros.ch\/wp-content\/uploads\/2021\/04\/the-closed-thru-hulls-on-the-inside.jpg\" data-link=\"https:\/\/milagros.ch\/the-closed-thru-hulls-on-the-inside\/\" class=\"wp-image-12005\" srcset=\"https:\/\/milagros.ch\/wp-content\/uploads\/2021\/04\/the-closed-thru-hulls-on-the-inside.jpg 768w, https:\/\/milagros.ch\/wp-content\/uploads\/2021\/04\/the-closed-thru-hulls-on-the-inside-225x300.jpg 225w, https:\/\/milagros.ch\/wp-content\/uploads\/2021\/04\/the-closed-thru-hulls-on-the-inside-9x12.jpg 9w\" sizes=\"(max-width: 768px) 100vw, 768px\" \/><figcaption class=\"blocks-gallery-item__caption\">Fertig geglast innen<\/figcaption><\/figure><\/li><\/ul><\/figure>\n\n\n\n<p>Es war n\u00e4mlich etwas m\u00fchsam, den Pfropfen direkt zu \u00fcberglasen, da Dave ihn von aussen dagegen dr\u00fccken musste, damit keine Luftblasen zwischen Pfropfen und Fiberglas entstanden. Mit Panzertape haben wir von innen die L\u00f6cher zugeklebt. So stellten wir sicher, dass die Pfropfen w\u00e4hrend dem Trocknen b\u00fcndig zur H\u00fclle innen angeklebt waren. Dann konnten wir tags darauf mit dem Fiberglasen fortfahren.<\/p>\n\n\n\n<h2 class=\"wp-block-heading\" id=\"h-too-soon-too-soon\">Zu fr\u00fch gefreut<\/h2>\n\n\n\n<p>Tags darauf haben wir bei zwei L\u00f6chern testweise die H\u00fclle b\u00fcndig zum Pfropfen graduell zur\u00fcckgeschliffen, sodass der Dellenrand etwa im Verh\u00e4ltnis von 12:1 zur Tiefe der Delle stand. Und irgendwie erschien uns eine der Dellen ziemlich steil. So fragten wir Inspektor Alegr\u00eda Mike um Rat. Er war auch der Meinung, dass wir diese eine Delle noch etwas gr\u00f6sser und flacher machen sollten. Und zudem stellte er fest, dass das vermeintlich geeignete Pfropfenmaterial \u00fcberhaupt nicht geeignet war. Ups. Die Arbeit eines ganzen Tages war also futsch. Alle Pfropfen mussten wieder raus! Die Lochs\u00e4ge kam zum Einsatz und wir waren wieder bei null. So kam uns ein Campingtrip in die W\u00fcste f\u00fcr <a href=\"http:\/\/www.svdogfish.com\/\" target=\"_blank\" rel=\"noreferrer noopener\">Dogfish Marga<\/a>s Geburtstag ziemlich gelegen.<\/p>\n\n\n\n<h2 class=\"wp-block-heading\" id=\"h-a-camping-trip\">Ein Campingausflug<\/h2>\n\n\n\n<p>Der Ausflug zu den D\u00fcnen war f\u00fcr das Osterwochenende geplant. Es war gut, aus der Stadt rauszukommen, denn w\u00e4hrend der Osterwoche ist hier die H\u00f6lle los. Am Karfreitag zum Beispiel war Stau rund um den Boatyard bis sp\u00e4t abends. Die Party fand in und auf den Autos statt und alle wollten durch die Touristrassen nebenan fahren. Die Partymeile war vollgepackt mit Leuten und die Musik der Bars aufgedreht. Da wir nur eine unvollst\u00e4ndige Campingausr\u00fcstung zur Hand hatten, liehen wir uns von anderen Cabralianos Zelt und Schlafsack und von unserer Bugkabine packten wir die Matratzen ein.<\/p>\n\n\n\n<figure class=\"wp-block-gallery columns-2 is-cropped wp-block-gallery-4 is-layout-flex wp-block-gallery-is-layout-flex\"><ul class=\"blocks-gallery-grid\"><li class=\"blocks-gallery-item\"><figure><img loading=\"lazy\" decoding=\"async\" width=\"768\" height=\"1024\" src=\"https:\/\/milagros.ch\/wp-content\/uploads\/2021\/04\/tent.jpg\" alt=\"\" data-id=\"12017\" data-full-url=\"https:\/\/milagros.ch\/wp-content\/uploads\/2021\/04\/tent.jpg\" data-link=\"https:\/\/milagros.ch\/tent\/\" class=\"wp-image-12017\" srcset=\"https:\/\/milagros.ch\/wp-content\/uploads\/2021\/04\/tent.jpg 768w, https:\/\/milagros.ch\/wp-content\/uploads\/2021\/04\/tent-225x300.jpg 225w, https:\/\/milagros.ch\/wp-content\/uploads\/2021\/04\/tent-9x12.jpg 9w\" sizes=\"(max-width: 768px) 100vw, 768px\" \/><\/figure><\/li><li class=\"blocks-gallery-item\"><figure><img loading=\"lazy\" decoding=\"async\" width=\"768\" height=\"1024\" src=\"https:\/\/milagros.ch\/wp-content\/uploads\/2021\/04\/the-vberth-cushions-in-the-tent.jpg\" alt=\"\" data-id=\"12012\" data-full-url=\"https:\/\/milagros.ch\/wp-content\/uploads\/2021\/04\/the-vberth-cushions-in-the-tent.jpg\" data-link=\"https:\/\/milagros.ch\/the-vberth-cushions-in-the-tent\/\" class=\"wp-image-12012\" srcset=\"https:\/\/milagros.ch\/wp-content\/uploads\/2021\/04\/the-vberth-cushions-in-the-tent.jpg 768w, https:\/\/milagros.ch\/wp-content\/uploads\/2021\/04\/the-vberth-cushions-in-the-tent-225x300.jpg 225w, https:\/\/milagros.ch\/wp-content\/uploads\/2021\/04\/the-vberth-cushions-in-the-tent-9x12.jpg 9w\" sizes=\"(max-width: 768px) 100vw, 768px\" \/><figcaption class=\"blocks-gallery-item__caption\">Unsere Matratzen passen perfekt<\/figcaption><\/figure><\/li><li class=\"blocks-gallery-item\"><figure><img loading=\"lazy\" decoding=\"async\" width=\"1024\" height=\"768\" src=\"https:\/\/milagros.ch\/wp-content\/uploads\/2021\/04\/the-camp-site.jpg\" alt=\"\" data-id=\"12018\" data-full-url=\"https:\/\/milagros.ch\/wp-content\/uploads\/2021\/04\/the-camp-site.jpg\" data-link=\"https:\/\/milagros.ch\/the-camp-site\/\" class=\"wp-image-12018\" srcset=\"https:\/\/milagros.ch\/wp-content\/uploads\/2021\/04\/the-camp-site.jpg 1024w, https:\/\/milagros.ch\/wp-content\/uploads\/2021\/04\/the-camp-site-300x225.jpg 300w, https:\/\/milagros.ch\/wp-content\/uploads\/2021\/04\/the-camp-site-768x576.jpg 768w, https:\/\/milagros.ch\/wp-content\/uploads\/2021\/04\/the-camp-site-16x12.jpg 16w\" sizes=\"(max-width: 1024px) 100vw, 1024px\" \/><figcaption class=\"blocks-gallery-item__caption\">Der Zeltplatz<\/figcaption><\/figure><\/li><\/ul><\/figure>\n\n\n\n<h2 class=\"wp-block-heading\" id=\"h-a-little-detour\">Ein kleiner Abstecher<\/h2>\n\n\n\n<p>Gemeinsam mit Dave und Marla von <a href=\"https:\/\/www.instagram.com\/theyvegonetoplaid\/\" target=\"_blank\" rel=\"noreferrer noopener\">SV Cavu<\/a> fuhren wir zum rund 35 km entfernten Campingplatz und deckten uns unterwegs mit dem N\u00f6tigsten ein (Wasser und Bier). Wir machten auch noch einen kleinen Abstecher zu Autozone. Alegr\u00edas Van war im Sand stecken geblieben und sie ben\u00f6tigten ein Abschleppseil. Gekauft haben wir dann doch keines, da der Pickup nachkommender Mitcampierer damit ausger\u00fcstet war. Wir nutzen trotzdem die Gelegenheit und kauften Loctite, ein Metallklebestoff zur Schraubensicherung. Warum auch nicht? Als wir beim Campingplatz ankamen, stellen wir erfreut fest, dass wir alleine auf dem Platz waren. Keine anderen Menschen, nur wir 12 Segler und 3 Hunde. So konnten wir unser Lager aufbauen, wie es uns beliebte.<\/p>\n\n\n\n<h2 class=\"wp-block-heading\" id=\"h-salvation-is-near\">Die Rettung naht<\/h2>\n\n\n\n<p>Die Sonne pr\u00fcgelte erbarmungslos vom Himmel. Alle dr\u00e4ngten sich in den Schatten des Pavillons, ausser Mike. Denn er musste die Hinterreifen seines Vans frei schaufeln. Als Jo und Barry von SV Boomerang mit ihrem Pickup ankamen, konnte die Rettung beginnen. Diese zog sich aber in die L\u00e4nge, da unter anderem das Abschleppseil riss und ein Parkw\u00e4chter die Campinggeb\u00fchren einziehen wollte. Mit vereinten Kr\u00e4ften gelang es uns aber schlussendlich, den Van zu befreien.<\/p>\n\n\n\n<figure class=\"wp-block-image size-large\"><img loading=\"lazy\" decoding=\"async\" width=\"1024\" height=\"768\" src=\"https:\/\/milagros.ch\/wp-content\/uploads\/2021\/04\/the-van-got-stuck.jpg\" alt=\"\" class=\"wp-image-12011\" srcset=\"https:\/\/milagros.ch\/wp-content\/uploads\/2021\/04\/the-van-got-stuck.jpg 1024w, https:\/\/milagros.ch\/wp-content\/uploads\/2021\/04\/the-van-got-stuck-300x225.jpg 300w, https:\/\/milagros.ch\/wp-content\/uploads\/2021\/04\/the-van-got-stuck-768x576.jpg 768w, https:\/\/milagros.ch\/wp-content\/uploads\/2021\/04\/the-van-got-stuck-16x12.jpg 16w\" sizes=\"(max-width: 1024px) 100vw, 1024px\" \/><figcaption><em>Die Rettung \u2013 Foto von SV Boomerang<\/em><\/figcaption><\/figure>\n\n\n\n<h2 class=\"wp-block-heading\" id=\"h-the-dunes-of-el-pinacate\">Die D\u00fcnen von El Pinacate<\/h2>\n\n\n\n<p><a href=\"https:\/\/de.wikipedia.org\/wiki\/El_Pinacate_y_Gran_Desierto_de_Altar\" target=\"_blank\" rel=\"noreferrer noopener\">El Pinacate y Gran Desierto de Altar<\/a> ist das gr\u00f6sste Gebiet mit aktiven D\u00fcnen in Nordamerika. F\u00fcr den Abend war eine kleine Sonnenuntergang-Wanderung zu ebendiesen D\u00fcnen geplant. Vom Campingplatz aus konnte man einem ausgeschilderten Pfad rund 3 km durch die W\u00fcste folgen und am Ende die D\u00fcnen erklimmen. Wir gingen etwa eine Stunde vor Sonnenuntergang los und genossen die Ruhe der W\u00fcste. Die vielen verschiedenen Farben der Str\u00e4ucher und B\u00fcsche und das Schattenspiel waren wunderbar. Leider mussten wir uns gegen Ende des Pfades ziemlich beeilen, da wir l\u00e4nger daf\u00fcr ben\u00f6tigt hatten, als angenommen. Um 18.54 Uhr war Sonnenuntergang und bis dahin mussten wir auf den D\u00fcnen oben sein. Die meisten von uns schafften es rechtzeitig \u2013 Alegr\u00eda Mike kriegte gerade noch die letzten 3 Sekunden Sonnenlicht zu Gesicht.<\/p>\n\n\n\n<figure class=\"wp-block-gallery columns-2 is-cropped wp-block-gallery-5 is-layout-flex wp-block-gallery-is-layout-flex\"><ul class=\"blocks-gallery-grid\"><li class=\"blocks-gallery-item\"><figure><img loading=\"lazy\" decoding=\"async\" width=\"1024\" height=\"682\" src=\"https:\/\/milagros.ch\/wp-content\/uploads\/2021\/04\/the-camping-crew.jpg\" alt=\"\" data-id=\"12003\" data-full-url=\"https:\/\/milagros.ch\/wp-content\/uploads\/2021\/04\/the-camping-crew.jpg\" data-link=\"https:\/\/milagros.ch\/the-camping-crew\/\" class=\"wp-image-12003\" srcset=\"https:\/\/milagros.ch\/wp-content\/uploads\/2021\/04\/the-camping-crew.jpg 1024w, https:\/\/milagros.ch\/wp-content\/uploads\/2021\/04\/the-camping-crew-300x200.jpg 300w, https:\/\/milagros.ch\/wp-content\/uploads\/2021\/04\/the-camping-crew-768x512.jpg 768w, https:\/\/milagros.ch\/wp-content\/uploads\/2021\/04\/the-camping-crew-16x12.jpg 16w\" sizes=\"(max-width: 1024px) 100vw, 1024px\" \/><figcaption class=\"blocks-gallery-item__caption\"><em>Foto von Marla<\/em><\/figcaption><\/figure><\/li><li class=\"blocks-gallery-item\"><figure><img loading=\"lazy\" decoding=\"async\" width=\"1024\" height=\"768\" src=\"https:\/\/milagros.ch\/wp-content\/uploads\/2021\/04\/sunset-in-the-dunes.jpg\" alt=\"\" data-id=\"12002\" data-full-url=\"https:\/\/milagros.ch\/wp-content\/uploads\/2021\/04\/sunset-in-the-dunes.jpg\" data-link=\"https:\/\/milagros.ch\/sunset-in-the-dunes\/\" class=\"wp-image-12002\" srcset=\"https:\/\/milagros.ch\/wp-content\/uploads\/2021\/04\/sunset-in-the-dunes.jpg 1024w, https:\/\/milagros.ch\/wp-content\/uploads\/2021\/04\/sunset-in-the-dunes-300x225.jpg 300w, https:\/\/milagros.ch\/wp-content\/uploads\/2021\/04\/sunset-in-the-dunes-768x576.jpg 768w, https:\/\/milagros.ch\/wp-content\/uploads\/2021\/04\/sunset-in-the-dunes-16x12.jpg 16w\" sizes=\"(max-width: 1024px) 100vw, 1024px\" \/><\/figure><\/li><li class=\"blocks-gallery-item\"><figure><img loading=\"lazy\" decoding=\"async\" width=\"1024\" height=\"464\" src=\"https:\/\/milagros.ch\/wp-content\/uploads\/2021\/04\/view-from-the-dunes.jpg\" alt=\"\" data-id=\"12015\" data-full-url=\"https:\/\/milagros.ch\/wp-content\/uploads\/2021\/04\/view-from-the-dunes.jpg\" data-link=\"https:\/\/milagros.ch\/view-from-the-dunes\/\" class=\"wp-image-12015\" srcset=\"https:\/\/milagros.ch\/wp-content\/uploads\/2021\/04\/view-from-the-dunes.jpg 1024w, https:\/\/milagros.ch\/wp-content\/uploads\/2021\/04\/view-from-the-dunes-300x136.jpg 300w, https:\/\/milagros.ch\/wp-content\/uploads\/2021\/04\/view-from-the-dunes-768x348.jpg 768w, https:\/\/milagros.ch\/wp-content\/uploads\/2021\/04\/view-from-the-dunes-16x7.jpg 16w\" sizes=\"(max-width: 1024px) 100vw, 1024px\" \/><figcaption class=\"blocks-gallery-item__caption\"><em>Foto von Mike<\/em><\/figcaption><\/figure><\/li><li class=\"blocks-gallery-item\"><figure><img loading=\"lazy\" decoding=\"async\" width=\"1024\" height=\"768\" src=\"https:\/\/milagros.ch\/wp-content\/uploads\/2021\/04\/pati-and-dave-on-the-dunes.jpg\" alt=\"\" data-id=\"11995\" data-full-url=\"https:\/\/milagros.ch\/wp-content\/uploads\/2021\/04\/pati-and-dave-on-the-dunes.jpg\" data-link=\"https:\/\/milagros.ch\/pati-and-dave-on-the-dunes\/\" class=\"wp-image-11995\" srcset=\"https:\/\/milagros.ch\/wp-content\/uploads\/2021\/04\/pati-and-dave-on-the-dunes.jpg 1024w, https:\/\/milagros.ch\/wp-content\/uploads\/2021\/04\/pati-and-dave-on-the-dunes-300x225.jpg 300w, https:\/\/milagros.ch\/wp-content\/uploads\/2021\/04\/pati-and-dave-on-the-dunes-768x576.jpg 768w, https:\/\/milagros.ch\/wp-content\/uploads\/2021\/04\/pati-and-dave-on-the-dunes-16x12.jpg 16w\" sizes=\"(max-width: 1024px) 100vw, 1024px\" \/><\/figure><\/li><\/ul><\/figure>\n\n\n\n<h2 class=\"wp-block-heading\" id=\"h-it-was-worth-it\">Es hat sich gelohnt<\/h2>\n\n\n\n<p>Die Aussicht war gigantisch. Auf der einen Seite D\u00fcnen soweit das Auge reichte. Auf der anderen Seite die Lavafelder und die Sierra Pinacate. Am Horizont konnte man auch die Sea of Cortez erkennen. Den R\u00fcckweg mussten wir leider viel zu schnell antreten, denn es wurde ziemlich rasch dunkel. Das letzte St\u00fcck des Weges legten wir in fast kompletter Dunkelheit zur\u00fcck. Den Abend liessen wir mit einem Barbecue und gem\u00fctlichem Sitzen um das Feuer ausklingen. Emma und Daniel von <a href=\"https:\/\/www.instagram.com\/sailing_indy\/?hl=de\" target=\"_blank\" rel=\"noreferrer noopener\">SV Indy<\/a> packten sogar ihre Ukuleles aus und sangen f\u00fcr uns.<\/p>\n\n\n\n<figure class=\"wp-block-gallery columns-2 is-cropped wp-block-gallery-6 is-layout-flex wp-block-gallery-is-layout-flex\"><ul class=\"blocks-gallery-grid\"><li class=\"blocks-gallery-item\"><figure><img loading=\"lazy\" decoding=\"async\" width=\"1024\" height=\"768\" src=\"https:\/\/milagros.ch\/wp-content\/uploads\/2021\/04\/walk-in-the-desert.jpg\" alt=\"\" data-id=\"12016\" data-full-url=\"https:\/\/milagros.ch\/wp-content\/uploads\/2021\/04\/walk-in-the-desert.jpg\" data-link=\"https:\/\/milagros.ch\/walk-in-the-desert\/\" class=\"wp-image-12016\" srcset=\"https:\/\/milagros.ch\/wp-content\/uploads\/2021\/04\/walk-in-the-desert.jpg 1024w, https:\/\/milagros.ch\/wp-content\/uploads\/2021\/04\/walk-in-the-desert-300x225.jpg 300w, https:\/\/milagros.ch\/wp-content\/uploads\/2021\/04\/walk-in-the-desert-768x576.jpg 768w, https:\/\/milagros.ch\/wp-content\/uploads\/2021\/04\/walk-in-the-desert-16x12.jpg 16w\" sizes=\"(max-width: 1024px) 100vw, 1024px\" \/><\/figure><\/li><li class=\"blocks-gallery-item\"><figure><img loading=\"lazy\" decoding=\"async\" width=\"1024\" height=\"768\" src=\"https:\/\/milagros.ch\/wp-content\/uploads\/2021\/04\/the-camp-in-the-desert.jpg\" alt=\"\" data-id=\"12004\" data-full-url=\"https:\/\/milagros.ch\/wp-content\/uploads\/2021\/04\/the-camp-in-the-desert.jpg\" data-link=\"https:\/\/milagros.ch\/the-camp-in-the-desert\/\" class=\"wp-image-12004\" srcset=\"https:\/\/milagros.ch\/wp-content\/uploads\/2021\/04\/the-camp-in-the-desert.jpg 1024w, https:\/\/milagros.ch\/wp-content\/uploads\/2021\/04\/the-camp-in-the-desert-300x225.jpg 300w, https:\/\/milagros.ch\/wp-content\/uploads\/2021\/04\/the-camp-in-the-desert-768x576.jpg 768w, https:\/\/milagros.ch\/wp-content\/uploads\/2021\/04\/the-camp-in-the-desert-16x12.jpg 16w\" sizes=\"(max-width: 1024px) 100vw, 1024px\" \/><\/figure><\/li><li class=\"blocks-gallery-item\"><figure><img loading=\"lazy\" decoding=\"async\" width=\"1024\" height=\"768\" src=\"https:\/\/milagros.ch\/wp-content\/uploads\/2021\/04\/el-pinacate.jpg\" alt=\"\" data-id=\"11993\" data-full-url=\"https:\/\/milagros.ch\/wp-content\/uploads\/2021\/04\/el-pinacate.jpg\" data-link=\"https:\/\/milagros.ch\/el-pinacate\/\" class=\"wp-image-11993\" srcset=\"https:\/\/milagros.ch\/wp-content\/uploads\/2021\/04\/el-pinacate.jpg 1024w, https:\/\/milagros.ch\/wp-content\/uploads\/2021\/04\/el-pinacate-300x225.jpg 300w, https:\/\/milagros.ch\/wp-content\/uploads\/2021\/04\/el-pinacate-768x576.jpg 768w, https:\/\/milagros.ch\/wp-content\/uploads\/2021\/04\/el-pinacate-16x12.jpg 16w\" sizes=\"(max-width: 1024px) 100vw, 1024px\" \/><\/figure><\/li><li class=\"blocks-gallery-item\"><figure><img loading=\"lazy\" decoding=\"async\" width=\"1024\" height=\"768\" src=\"https:\/\/milagros.ch\/wp-content\/uploads\/2021\/04\/desert-walk.jpg\" alt=\"\" data-id=\"11992\" data-full-url=\"https:\/\/milagros.ch\/wp-content\/uploads\/2021\/04\/desert-walk.jpg\" data-link=\"https:\/\/milagros.ch\/desert-walk\/\" class=\"wp-image-11992\" srcset=\"https:\/\/milagros.ch\/wp-content\/uploads\/2021\/04\/desert-walk.jpg 1024w, https:\/\/milagros.ch\/wp-content\/uploads\/2021\/04\/desert-walk-300x225.jpg 300w, https:\/\/milagros.ch\/wp-content\/uploads\/2021\/04\/desert-walk-768x576.jpg 768w, https:\/\/milagros.ch\/wp-content\/uploads\/2021\/04\/desert-walk-16x12.jpg 16w\" sizes=\"(max-width: 1024px) 100vw, 1024px\" \/><\/figure><\/li><\/ul><figcaption class=\"blocks-gallery-caption\"><em>El Pinacate y Gran Desierto de Altar<\/em><\/figcaption><\/figure>\n\n\n\n<h2 class=\"wp-block-heading\" id=\"h-back-to-life\">Zur\u00fcck ins Leben<\/h2>\n\n\n\n<p>Es tat richtig gut, wieder einmal richtige Stille zu \u00abh\u00f6ren\u00bb, denn Puerto Pe\u00f1asco ist l\u00e4rmig. Wir m\u00f6chten auf jeden Fall gerne nochmals dort hin, am liebsten f\u00fcr eine Sonnenaufgangs-Wanderung. Da das Tor zu den D\u00fcnen jedoch erst um 9 Uhr morgens \u00f6ffnet und abends um 17 Uhr schliesst, m\u00fcssten wir dazu wieder eine Camping\u00fcbernachtung planen. Mal schauen. F\u00fcr uns ging es aber erst mal wieder an die Arbeit. Die nach wie vor offenen Borddurchl\u00e4sse warteten auf uns\u2026<\/p>\n\n\n\n<p>Na wenn das mal kein heisser Blogpost war! Wir sind ein bisschen ausgetrocket... Du kannst uns ein eiskaltes Getr\u00e4nk spendieren indem du auf den Button unten klickst (kein Account n\u00f6tig!) oder auf <a href=\"https:\/\/www.patreon.com\/milagros_sailing\" target=\"_blank\" rel=\"noreferrer noopener\"><span style=\"color:#0693e3\" class=\"tadv-color\">Patreon<\/span><\/a> Vielen Dank!<\/p>\n\n\n\n<div class=\"wp-block-buttons is-content-justification-center is-layout-flex wp-block-buttons-is-layout-flex\">\n<div class=\"wp-block-button is-style-fill\"><a class=\"wp-block-button__link\" href=\"https:\/\/www.buymeacoffee.com\/milagrossailing\" target=\"_blank\" rel=\"noreferrer noopener\">\ud83e\uddca Klicke hier um uns zu rehydrieren!<\/a><\/div>\n<\/div>\n\n\n\n<p><\/p>","protected":false},"excerpt":{"rendered":"<p>Obwohl es weder so aussieht noch sich so anf\u00fchlt, machen wir tats\u00e4chlich Fortschritte beim Umbau von Milagros. Neben der Arbeit geniessen wir ein Wochenende in der W\u00fcste.<\/p>","protected":false},"author":3,"featured_media":12031,"comment_status":"open","ping_status":"open","sticky":false,"template":"","format":"standard","meta":{"_acf_changed":false,"_monsterinsights_skip_tracking":false,"_monsterinsights_sitenote_active":false,"_monsterinsights_sitenote_note":"","_monsterinsights_sitenote_category":0,"cybocfi_hide_featured_image":"yes","footnotes":""},"categories":[30,43,23,17,39],"tags":[90,88],"acf":[],"yoast_head":"<!-- This site is optimized with the Yoast SEO Premium plugin v22.0 (Yoast SEO v23.5) - https:\/\/yoast.com\/wordpress\/plugins\/seo\/ -->\n<title>The Silence of the Desert &#8226; Milagros &#8226; Sailing Blog<\/title>\n<meta name=\"robots\" content=\"index, follow, max-snippet:-1, max-image-preview:large, max-video-preview:-1\" \/>\n<link rel=\"canonical\" href=\"https:\/\/milagros.ch\/de\/die-stille-der-wueste\/\" \/>\n<meta property=\"og:locale\" content=\"de_DE\" \/>\n<meta property=\"og:type\" content=\"article\" \/>\n<meta property=\"og:title\" content=\"The Silence of the Desert\" \/>\n<meta property=\"og:description\" content=\"Even though it neither looks nor feels like it, we&#039;re actually making progress with Milagros&#039; refit. Besides work, we enjoy a weekend in the desert.\" \/>\n<meta property=\"og:url\" content=\"https:\/\/milagros.ch\/de\/die-stille-der-wueste\/\" \/>\n<meta property=\"og:site_name\" content=\"Milagros\" \/>\n<meta property=\"article:publisher\" content=\"https:\/\/www.facebook.com\/milagros.sailing\" \/>\n<meta property=\"article:published_time\" content=\"2021-04-09T17:56:04+00:00\" \/>\n<meta property=\"article:modified_time\" content=\"2021-08-04T12:58:56+00:00\" \/>\n<meta property=\"og:image\" content=\"https:\/\/milagros.ch\/wp-content\/uploads\/2021\/04\/pati-and-dave-on-the-dunes_title.jpg\" \/>\n\t<meta property=\"og:image:width\" content=\"772\" \/>\n\t<meta property=\"og:image:height\" content=\"580\" \/>\n\t<meta property=\"og:image:type\" content=\"image\/jpeg\" \/>\n<meta name=\"author\" content=\"Patricia\" \/>\n<meta name=\"twitter:card\" content=\"summary_large_image\" \/>\n<meta name=\"twitter:label1\" content=\"Geschrieben von\" \/>\n\t<meta name=\"twitter:data1\" content=\"Patricia\" \/>\n\t<meta name=\"twitter:label2\" content=\"Gesch\u00e4tzte Lesezeit\" \/>\n\t<meta name=\"twitter:data2\" content=\"14 Minuten\" \/>\n<script type=\"application\/ld+json\" class=\"yoast-schema-graph\">{\"@context\":\"https:\/\/schema.org\",\"@graph\":[{\"@type\":\"Article\",\"@id\":\"https:\/\/milagros.ch\/de\/die-stille-der-wueste\/#article\",\"isPartOf\":{\"@id\":\"https:\/\/milagros.ch\/de\/die-stille-der-wueste\/\"},\"author\":{\"name\":\"Patricia\",\"@id\":\"https:\/\/milagros.ch\/#\/schema\/person\/bf6747fcb66e878e86c2169f4bf869af\"},\"headline\":\"The Silence of the Desert\",\"datePublished\":\"2021-04-09T17:56:04+00:00\",\"dateModified\":\"2021-08-04T12:58:56+00:00\",\"mainEntityOfPage\":{\"@id\":\"https:\/\/milagros.ch\/de\/die-stille-der-wueste\/\"},\"wordCount\":1826,\"commentCount\":0,\"publisher\":{\"@id\":\"https:\/\/milagros.ch\/#organization\"},\"image\":{\"@id\":\"https:\/\/milagros.ch\/de\/die-stille-der-wueste\/#primaryimage\"},\"thumbnailUrl\":\"https:\/\/milagros.ch\/wp-content\/uploads\/2021\/04\/pati-and-dave-on-the-dunes_title.jpg\",\"keywords\":[\"Camping\",\"Fibreglass\"],\"articleSection\":[\"Boat Refit\",\"Cabrales Boatyard\",\"Failing Milagros\",\"Humble Beginnings\",\"Puerto Pe\u00f1asco\"],\"inLanguage\":\"de-CH\",\"potentialAction\":[{\"@type\":\"CommentAction\",\"name\":\"Comment\",\"target\":[\"https:\/\/milagros.ch\/de\/die-stille-der-wueste\/#respond\"]}]},{\"@type\":\"WebPage\",\"@id\":\"https:\/\/milagros.ch\/de\/die-stille-der-wueste\/\",\"url\":\"https:\/\/milagros.ch\/de\/die-stille-der-wueste\/\",\"name\":\"The Silence of the Desert &#8226; Milagros &#8226; Sailing Blog\",\"isPartOf\":{\"@id\":\"https:\/\/milagros.ch\/#website\"},\"primaryImageOfPage\":{\"@id\":\"https:\/\/milagros.ch\/de\/die-stille-der-wueste\/#primaryimage\"},\"image\":{\"@id\":\"https:\/\/milagros.ch\/de\/die-stille-der-wueste\/#primaryimage\"},\"thumbnailUrl\":\"https:\/\/milagros.ch\/wp-content\/uploads\/2021\/04\/pati-and-dave-on-the-dunes_title.jpg\",\"datePublished\":\"2021-04-09T17:56:04+00:00\",\"dateModified\":\"2021-08-04T12:58:56+00:00\",\"breadcrumb\":{\"@id\":\"https:\/\/milagros.ch\/de\/die-stille-der-wueste\/#breadcrumb\"},\"inLanguage\":\"de-CH\",\"potentialAction\":[{\"@type\":\"ReadAction\",\"target\":[\"https:\/\/milagros.ch\/de\/die-stille-der-wueste\/\"]}]},{\"@type\":\"BreadcrumbList\",\"@id\":\"https:\/\/milagros.ch\/de\/die-stille-der-wueste\/#breadcrumb\",\"itemListElement\":[{\"@type\":\"ListItem\",\"position\":1,\"name\":\"Startseite\",\"item\":\"https:\/\/milagros.ch\/\"},{\"@type\":\"ListItem\",\"position\":2,\"name\":\"The Silence of the Desert\"}]},{\"@type\":\"WebSite\",\"@id\":\"https:\/\/milagros.ch\/#website\",\"url\":\"https:\/\/milagros.ch\/\",\"name\":\"Milagros\",\"description\":\"Nice to meet you!\",\"publisher\":{\"@id\":\"https:\/\/milagros.ch\/#organization\"},\"potentialAction\":[{\"@type\":\"SearchAction\",\"target\":{\"@type\":\"EntryPoint\",\"urlTemplate\":\"https:\/\/milagros.ch\/?s={search_term_string}\"},\"query-input\":{\"@type\":\"PropertyValueSpecification\",\"valueRequired\":true,\"valueName\":\"search_term_string\"}}],\"inLanguage\":\"de-CH\"},{\"@type\":\"Organization\",\"@id\":\"https:\/\/milagros.ch\/#organization\",\"name\":\"Milagros Sailing\",\"url\":\"https:\/\/milagros.ch\/\",\"logo\":{\"@type\":\"ImageObject\",\"inLanguage\":\"de-CH\",\"@id\":\"https:\/\/milagros.ch\/#\/schema\/logo\/image\/\",\"url\":\"https:\/\/milagros.ch\/wp-content\/uploads\/2021\/02\/Milagros_black.jpg\",\"contentUrl\":\"https:\/\/milagros.ch\/wp-content\/uploads\/2021\/02\/Milagros_black.jpg\",\"width\":512,\"height\":512,\"caption\":\"Milagros Sailing\"},\"image\":{\"@id\":\"https:\/\/milagros.ch\/#\/schema\/logo\/image\/\"},\"sameAs\":[\"https:\/\/www.facebook.com\/milagros.sailing\",\"https:\/\/www.instagram.com\/milagros_sailing\/\",\"https:\/\/www.linkedin.com\/company\/milagros-sailing\"]},{\"@type\":\"Person\",\"@id\":\"https:\/\/milagros.ch\/#\/schema\/person\/bf6747fcb66e878e86c2169f4bf869af\",\"name\":\"Patricia\",\"image\":{\"@type\":\"ImageObject\",\"inLanguage\":\"de-CH\",\"@id\":\"https:\/\/milagros.ch\/#\/schema\/person\/image\/\",\"url\":\"https:\/\/secure.gravatar.com\/avatar\/8642c08f46e95a6c774a41afa7f1b2c1?s=96&d=retro&r=g\",\"contentUrl\":\"https:\/\/secure.gravatar.com\/avatar\/8642c08f46e95a6c774a41afa7f1b2c1?s=96&d=retro&r=g\",\"caption\":\"Patricia\"},\"url\":\"https:\/\/milagros.ch\/de\/author\/patriciabueeler\/\"}]}<\/script>\n<!-- \/ Yoast SEO Premium plugin. -->","yoast_head_json":{"title":"The Silence of the Desert &#8226; Milagros &#8226; Sailing Blog","robots":{"index":"index","follow":"follow","max-snippet":"max-snippet:-1","max-image-preview":"max-image-preview:large","max-video-preview":"max-video-preview:-1"},"canonical":"https:\/\/milagros.ch\/de\/die-stille-der-wueste\/","og_locale":"de_DE","og_type":"article","og_title":"The Silence of the Desert","og_description":"Even though it neither looks nor feels like it, we're actually making progress with Milagros' refit. Besides work, we enjoy a weekend in the desert.","og_url":"https:\/\/milagros.ch\/de\/die-stille-der-wueste\/","og_site_name":"Milagros","article_publisher":"https:\/\/www.facebook.com\/milagros.sailing","article_published_time":"2021-04-09T17:56:04+00:00","article_modified_time":"2021-08-04T12:58:56+00:00","og_image":[{"width":772,"height":580,"url":"https:\/\/milagros.ch\/wp-content\/uploads\/2021\/04\/pati-and-dave-on-the-dunes_title.jpg","type":"image\/jpeg"}],"author":"Patricia","twitter_card":"summary_large_image","twitter_misc":{"Geschrieben von":"Patricia","Gesch\u00e4tzte Lesezeit":"14 Minuten"},"schema":{"@context":"https:\/\/schema.org","@graph":[{"@type":"Article","@id":"https:\/\/milagros.ch\/de\/die-stille-der-wueste\/#article","isPartOf":{"@id":"https:\/\/milagros.ch\/de\/die-stille-der-wueste\/"},"author":{"name":"Patricia","@id":"https:\/\/milagros.ch\/#\/schema\/person\/bf6747fcb66e878e86c2169f4bf869af"},"headline":"The Silence of the Desert","datePublished":"2021-04-09T17:56:04+00:00","dateModified":"2021-08-04T12:58:56+00:00","mainEntityOfPage":{"@id":"https:\/\/milagros.ch\/de\/die-stille-der-wueste\/"},"wordCount":1826,"commentCount":0,"publisher":{"@id":"https:\/\/milagros.ch\/#organization"},"image":{"@id":"https:\/\/milagros.ch\/de\/die-stille-der-wueste\/#primaryimage"},"thumbnailUrl":"https:\/\/milagros.ch\/wp-content\/uploads\/2021\/04\/pati-and-dave-on-the-dunes_title.jpg","keywords":["Camping","Fibreglass"],"articleSection":["Boat Refit","Cabrales Boatyard","Failing Milagros","Humble Beginnings","Puerto Pe\u00f1asco"],"inLanguage":"de-CH","potentialAction":[{"@type":"CommentAction","name":"Comment","target":["https:\/\/milagros.ch\/de\/die-stille-der-wueste\/#respond"]}]},{"@type":"WebPage","@id":"https:\/\/milagros.ch\/de\/die-stille-der-wueste\/","url":"https:\/\/milagros.ch\/de\/die-stille-der-wueste\/","name":"The Silence of the Desert &#8226; Milagros &#8226; Sailing Blog","isPartOf":{"@id":"https:\/\/milagros.ch\/#website"},"primaryImageOfPage":{"@id":"https:\/\/milagros.ch\/de\/die-stille-der-wueste\/#primaryimage"},"image":{"@id":"https:\/\/milagros.ch\/de\/die-stille-der-wueste\/#primaryimage"},"thumbnailUrl":"https:\/\/milagros.ch\/wp-content\/uploads\/2021\/04\/pati-and-dave-on-the-dunes_title.jpg","datePublished":"2021-04-09T17:56:04+00:00","dateModified":"2021-08-04T12:58:56+00:00","breadcrumb":{"@id":"https:\/\/milagros.ch\/de\/die-stille-der-wueste\/#breadcrumb"},"inLanguage":"de-CH","potentialAction":[{"@type":"ReadAction","target":["https:\/\/milagros.ch\/de\/die-stille-der-wueste\/"]}]},{"@type":"BreadcrumbList","@id":"https:\/\/milagros.ch\/de\/die-stille-der-wueste\/#breadcrumb","itemListElement":[{"@type":"ListItem","position":1,"name":"Startseite","item":"https:\/\/milagros.ch\/"},{"@type":"ListItem","position":2,"name":"The Silence of the Desert"}]},{"@type":"WebSite","@id":"https:\/\/milagros.ch\/#website","url":"https:\/\/milagros.ch\/","name":"Milagros","description":"Sch\u00f6n dich kennen zu lernen!","publisher":{"@id":"https:\/\/milagros.ch\/#organization"},"potentialAction":[{"@type":"SearchAction","target":{"@type":"EntryPoint","urlTemplate":"https:\/\/milagros.ch\/?s={search_term_string}"},"query-input":{"@type":"PropertyValueSpecification","valueRequired":true,"valueName":"search_term_string"}}],"inLanguage":"de-CH"},{"@type":"Organization","@id":"https:\/\/milagros.ch\/#organization","name":"Milagros Sailing","url":"https:\/\/milagros.ch\/","logo":{"@type":"ImageObject","inLanguage":"de-CH","@id":"https:\/\/milagros.ch\/#\/schema\/logo\/image\/","url":"https:\/\/milagros.ch\/wp-content\/uploads\/2021\/02\/Milagros_black.jpg","contentUrl":"https:\/\/milagros.ch\/wp-content\/uploads\/2021\/02\/Milagros_black.jpg","width":512,"height":512,"caption":"Milagros Sailing"},"image":{"@id":"https:\/\/milagros.ch\/#\/schema\/logo\/image\/"},"sameAs":["https:\/\/www.facebook.com\/milagros.sailing","https:\/\/www.instagram.com\/milagros_sailing\/","https:\/\/www.linkedin.com\/company\/milagros-sailing"]},{"@type":"Person","@id":"https:\/\/milagros.ch\/#\/schema\/person\/bf6747fcb66e878e86c2169f4bf869af","name":"Patricia","image":{"@type":"ImageObject","inLanguage":"de-CH","@id":"https:\/\/milagros.ch\/#\/schema\/person\/image\/","url":"https:\/\/secure.gravatar.com\/avatar\/8642c08f46e95a6c774a41afa7f1b2c1?s=96&d=retro&r=g","contentUrl":"https:\/\/secure.gravatar.com\/avatar\/8642c08f46e95a6c774a41afa7f1b2c1?s=96&d=retro&r=g","caption":"Patricia"},"url":"https:\/\/milagros.ch\/de\/author\/patriciabueeler\/"}]}},"_links":{"self":[{"href":"https:\/\/milagros.ch\/de\/wp-json\/wp\/v2\/posts\/11987"}],"collection":[{"href":"https:\/\/milagros.ch\/de\/wp-json\/wp\/v2\/posts"}],"about":[{"href":"https:\/\/milagros.ch\/de\/wp-json\/wp\/v2\/types\/post"}],"author":[{"embeddable":true,"href":"https:\/\/milagros.ch\/de\/wp-json\/wp\/v2\/users\/3"}],"replies":[{"embeddable":true,"href":"https:\/\/milagros.ch\/de\/wp-json\/wp\/v2\/comments?post=11987"}],"version-history":[{"count":14,"href":"https:\/\/milagros.ch\/de\/wp-json\/wp\/v2\/posts\/11987\/revisions"}],"predecessor-version":[{"id":12059,"href":"https:\/\/milagros.ch\/de\/wp-json\/wp\/v2\/posts\/11987\/revisions\/12059"}],"wp:featuredmedia":[{"embeddable":true,"href":"https:\/\/milagros.ch\/de\/wp-json\/wp\/v2\/media\/12031"}],"wp:attachment":[{"href":"https:\/\/milagros.ch\/de\/wp-json\/wp\/v2\/media?parent=11987"}],"wp:term":[{"taxonomy":"category","embeddable":true,"href":"https:\/\/milagros.ch\/de\/wp-json\/wp\/v2\/categories?post=11987"},{"taxonomy":"post_tag","embeddable":true,"href":"https:\/\/milagros.ch\/de\/wp-json\/wp\/v2\/tags?post=11987"}],"curies":[{"name":"wp","href":"https:\/\/api.w.org\/{rel}","templated":true}]}}